{"id":862,"date":"2017-02-15T14:24:14","date_gmt":"2017-02-15T14:24:14","guid":{"rendered":"http:\/\/wp.pixerecourt.fr\/granderegion\/?p=862"},"modified":"2017-04-11T19:25:58","modified_gmt":"2017-04-11T19:25:58","slug":"leducation-a-lenvironnement-une-realite-transfrontaliere","status":"publish","type":"post","link":"https:\/\/wp.pixerecourt.fr\/granderegion\/2017\/02\/leducation-a-lenvironnement-une-realite-transfrontaliere\/","title":{"rendered":"L\u2019\u00e9ducation \u00e0 l\u2019environnement, une r\u00e9alit\u00e9 transfrontali\u00e8re"},"content":{"rendered":"<p><img loading=\"lazy\" decoding=\"async\" class=\"alignleft size-full wp-image-886\" src=\"http:\/\/wp.pixerecourt.fr\/granderegion\/wp-content\/uploads\/sites\/31\/2017\/04\/Bandeau_animation_developpement_territoires.jpg\" alt=\"Mise en page 1\" width=\"750\" height=\"124\" srcset=\"https:\/\/wp.pixerecourt.fr\/granderegion\/wp-content\/uploads\/sites\/31\/2017\/04\/Bandeau_animation_developpement_territoires.jpg 750w, https:\/\/wp.pixerecourt.fr\/granderegion\/wp-content\/uploads\/sites\/31\/2017\/04\/Bandeau_animation_developpement_territoires-300x50.jpg 300w\" sizes=\"auto, (max-width: 750px) 100vw, 750px\" \/><\/p>\n<p>&nbsp;<\/p>\n<p>Dans le cadre des projets d&rsquo;animation et de d\u00e9veloppement des territoires (ADT) des \u00e9tablissements publics de l&rsquo;enseignement agricole, il existe un site regroupant articles, retour d&rsquo;exp\u00e9riences et analyses conduites par les diff\u00e9rents EPLEFPA, au fil de leur projet : <a href=\"http:\/\/www.adt.educagri.fr\/dispositifs0\/le-dispositif-en-action\/focus-sur-les-dispositifs-adt.html\" target=\"_blank\">site ADT sur Educagri.<\/a><\/p>\n<p>Un article a \u00e9t\u00e9 consacr\u00e9 au projet \u00ab\u00a0la Grande R\u00e9gion au service de l&rsquo;EDD et de la formation\u00a0\u00bb, le voici : <a href=\"http:\/\/wp.pixerecourt.fr\/granderegion\/wp-content\/uploads\/sites\/31\/2017\/04\/ArticlePixerecourtCB.pdf\" target=\"_blank\">\u00ab\u00a0L&rsquo;\u00e9ducation \u00e0 l&rsquo;environnement : une r\u00e9alit\u00e9 transfrontali\u00e8re\u00a0\u00bb<\/a>.<\/p>\n","protected":false},"excerpt":{"rendered":"<p>&nbsp; Dans le cadre des projets d&rsquo;animation et de d\u00e9veloppement des territoires (ADT) des \u00e9tablissements publics de l&rsquo;enseignement agricole, il existe un site regroupant articles, retour d&rsquo;exp\u00e9riences et analyses conduites par les diff\u00e9rents EPLEFPA, au fil de leur projet : site ADT sur Educagri. Un article a \u00e9t\u00e9 consacr\u00e9 au projet \u00ab\u00a0la Grande R\u00e9gion au &hellip; <a href=\"https:\/\/wp.pixerecourt.fr\/granderegion\/2017\/02\/leducation-a-lenvironnement-une-realite-transfrontaliere\/\" class=\"more-link\">Continuer la lecture de <span class=\"screen-reader-text\">L\u2019\u00e9ducation \u00e0 l\u2019environnement, une r\u00e9alit\u00e9 transfrontali\u00e8re<\/span>  <span class=\"meta-nav\">&rarr;<\/span><\/a><\/p>\n","protected":false},"author":94,"featured_media":0,"comment_status":"closed","ping_status":"open","sticky":false,"template":"","format":"standard","meta":{"ngg_post_thumbnail":0,"footnotes":""},"categories":[9],"tags":[],"class_list":["post-862","post","type-post","status-publish","format-standard","hentry","category-tiers-temps"],"_links":{"self":[{"href":"https:\/\/wp.pixerecourt.fr\/granderegion\/wp-json\/wp\/v2\/posts\/862","targetHints":{"allow":["GET"]}}],"collection":[{"href":"https:\/\/wp.pixerecourt.fr\/granderegion\/wp-json\/wp\/v2\/posts"}],"about":[{"href":"https:\/\/wp.pixerecourt.fr\/granderegion\/wp-json\/wp\/v2\/types\/post"}],"author":[{"embeddable":true,"href":"https:\/\/wp.pixerecourt.fr\/granderegion\/wp-json\/wp\/v2\/users\/94"}],"replies":[{"embeddable":true,"href":"https:\/\/wp.pixerecourt.fr\/granderegion\/wp-json\/wp\/v2\/comments?post=862"}],"version-history":[{"count":0,"href":"https:\/\/wp.pixerecourt.fr\/granderegion\/wp-json\/wp\/v2\/posts\/862\/revisions"}],"wp:attachment":[{"href":"https:\/\/wp.pixerecourt.fr\/granderegion\/wp-json\/wp\/v2\/media?parent=862"}],"wp:term":[{"taxonomy":"category","embeddable":true,"href":"https:\/\/wp.pixerecourt.fr\/granderegion\/wp-json\/wp\/v2\/categories?post=862"},{"taxonomy":"post_tag","embeddable":true,"href":"https:\/\/wp.pixerecourt.fr\/granderegion\/wp-json\/wp\/v2\/tags?post=862"}],"curies":[{"name":"wp","href":"https:\/\/api.w.org\/{rel}","templated":true}]}}