{"id":791,"date":"2016-12-15T18:38:20","date_gmt":"2016-12-15T18:38:20","guid":{"rendered":"http:\/\/wp.pixerecourt.fr\/granderegion\/?p=791"},"modified":"2017-01-02T18:43:20","modified_gmt":"2017-01-02T18:43:20","slug":"les-rdv-de-lagroecologie-et-la-grande-region","status":"publish","type":"post","link":"https:\/\/wp.pixerecourt.fr\/granderegion\/2016\/12\/les-rdv-de-lagroecologie-et-la-grande-region\/","title":{"rendered":"Les RDV de l&rsquo;agro\u00e9cologie et la Grande R\u00e9gion"},"content":{"rendered":"<p><img loading=\"lazy\" decoding=\"async\" class=\"size-medium wp-image-799 alignright\" src=\"http:\/\/wp.pixerecourt.fr\/granderegion\/wp-content\/uploads\/sites\/31\/2016\/12\/Infostransfrontalieres-212x300.jpg\" alt=\"infostransfrontalieres\" width=\"212\" height=\"300\" srcset=\"https:\/\/wp.pixerecourt.fr\/granderegion\/wp-content\/uploads\/sites\/31\/2016\/12\/Infostransfrontalieres-212x300.jpg 212w, https:\/\/wp.pixerecourt.fr\/granderegion\/wp-content\/uploads\/sites\/31\/2016\/12\/Infostransfrontalieres.jpg 596w\" sizes=\"auto, (max-width: 212px) 100vw, 212px\" \/>Depuis un an maintenant <strong>Claudine Elbisser<\/strong>, r\u00e9f\u00e9rente \u00ab\u00a0enseigner \u00e0 produire autrement\u00a0\u00bb, organise des <strong>\u00ab\u00a0Rendez-vous de l&rsquo;agro\u00e9cologie\u00a0\u00bb<\/strong> au sein de l&rsquo;EPLEFPA afin que nous \u00e9changions et cr\u00e9ions des liens entre les diff\u00e9rentes mati\u00e8res et projets.<\/p>\n<p>Le premier RDV 2016\/2017 a eu lieu le 13 d\u00e9cembre, au programme :<\/p>\n<ul>\n<li>la gestion diff\u00e9renci\u00e9e des espaces sur notre site,<\/li>\n<li>l&rsquo;Agro\u00e9cologie Tour 2017,<\/li>\n<li>retour sur la journ\u00e9e r\u00e9gionale \u00ab\u00a0enseigner \u00e0 produire autrement\u00a0\u00bb,<\/li>\n<li>pr\u00e9sentation du site <a href=\"http:\/\/epa.museal.fr\/\" target=\"_blank\">http:\/\/epa.museal.fr\/<\/a><\/li>\n<\/ul>\n<p>Un point a \u00e9t\u00e9 fait sur les <strong>actions transfrontali\u00e8res<\/strong> sous forme d&rsquo;une newsletter : <a href=\"http:\/\/wp.pixerecourt.fr\/granderegion\/wp-content\/uploads\/sites\/31\/2017\/01\/Infos-transfrontalie\u0300res.pdf\" target=\"_blank\">infos transfrontalieres<\/a>.<\/p>\n","protected":false},"excerpt":{"rendered":"<p>Depuis un an maintenant Claudine Elbisser, r\u00e9f\u00e9rente \u00ab\u00a0enseigner \u00e0 produire autrement\u00a0\u00bb, organise des \u00ab\u00a0Rendez-vous de l&rsquo;agro\u00e9cologie\u00a0\u00bb au sein de l&rsquo;EPLEFPA afin que nous \u00e9changions et cr\u00e9ions des liens entre les diff\u00e9rentes mati\u00e8res et projets. Le premier RDV 2016\/2017 a eu lieu le 13 d\u00e9cembre, au programme : la gestion diff\u00e9renci\u00e9e des espaces sur notre site, &hellip; <a href=\"https:\/\/wp.pixerecourt.fr\/granderegion\/2016\/12\/les-rdv-de-lagroecologie-et-la-grande-region\/\" class=\"more-link\">Continuer la lecture de <span class=\"screen-reader-text\">Les RDV de l&rsquo;agro\u00e9cologie et la Grande R\u00e9gion<\/span>  <span class=\"meta-nav\">&rarr;<\/span><\/a><\/p>\n","protected":false},"author":94,"featured_media":0,"comment_status":"closed","ping_status":"open","sticky":false,"template":"","format":"standard","meta":{"ngg_post_thumbnail":0,"footnotes":""},"categories":[11],"tags":[],"class_list":["post-791","post","type-post","status-publish","format-standard","hentry","category-autres-projets-grande-region"],"_links":{"self":[{"href":"https:\/\/wp.pixerecourt.fr\/granderegion\/wp-json\/wp\/v2\/posts\/791","targetHints":{"allow":["GET"]}}],"collection":[{"href":"https:\/\/wp.pixerecourt.fr\/granderegion\/wp-json\/wp\/v2\/posts"}],"about":[{"href":"https:\/\/wp.pixerecourt.fr\/granderegion\/wp-json\/wp\/v2\/types\/post"}],"author":[{"embeddable":true,"href":"https:\/\/wp.pixerecourt.fr\/granderegion\/wp-json\/wp\/v2\/users\/94"}],"replies":[{"embeddable":true,"href":"https:\/\/wp.pixerecourt.fr\/granderegion\/wp-json\/wp\/v2\/comments?post=791"}],"version-history":[{"count":0,"href":"https:\/\/wp.pixerecourt.fr\/granderegion\/wp-json\/wp\/v2\/posts\/791\/revisions"}],"wp:attachment":[{"href":"https:\/\/wp.pixerecourt.fr\/granderegion\/wp-json\/wp\/v2\/media?parent=791"}],"wp:term":[{"taxonomy":"category","embeddable":true,"href":"https:\/\/wp.pixerecourt.fr\/granderegion\/wp-json\/wp\/v2\/categories?post=791"},{"taxonomy":"post_tag","embeddable":true,"href":"https:\/\/wp.pixerecourt.fr\/granderegion\/wp-json\/wp\/v2\/tags?post=791"}],"curies":[{"name":"wp","href":"https:\/\/api.w.org\/{rel}","templated":true}]}}