{"id":761,"date":"2016-12-13T11:34:04","date_gmt":"2016-12-13T11:34:04","guid":{"rendered":"http:\/\/wp.pixerecourt.fr\/granderegion\/?p=761"},"modified":"2017-07-03T17:27:11","modified_gmt":"2017-07-03T17:27:11","slug":"la-strategie-france-de-la-sarre","status":"publish","type":"post","link":"https:\/\/wp.pixerecourt.fr\/granderegion\/2016\/12\/la-strategie-france-de-la-sarre\/","title":{"rendered":"La \u00ab\u00a0strat\u00e9gie France\u00a0\u00bb de la Sarre"},"content":{"rendered":"<figure id=\"attachment_767\" aria-describedby=\"caption-attachment-767\" style=\"width: 300px\" class=\"wp-caption alignleft\"><img loading=\"lazy\" decoding=\"async\" class=\"size-medium wp-image-767\" src=\"http:\/\/wp.pixerecourt.fr\/granderegion\/wp-content\/uploads\/sites\/31\/2017\/01\/P1070211-300x169.jpg\" alt=\"Pour introduire cette matin\u00e9e, les \u00e9l\u00e8ves d'un Kindergarten sarrois nous chantent des chansons de No\u00ebl en allemand, fran\u00e7ais et allemand !\" height=\"169\" width=\"300\" srcset=\"https:\/\/wp.pixerecourt.fr\/granderegion\/wp-content\/uploads\/sites\/31\/2017\/01\/P1070211-300x169.jpg 300w, https:\/\/wp.pixerecourt.fr\/granderegion\/wp-content\/uploads\/sites\/31\/2017\/01\/P1070211-768x432.jpg 768w, https:\/\/wp.pixerecourt.fr\/granderegion\/wp-content\/uploads\/sites\/31\/2017\/01\/P1070211-1024x576.jpg 1024w\" sizes=\"auto, (max-width: 300px) 100vw, 300px\" \/><figcaption id=\"caption-attachment-767\" class=\"wp-caption-text\">Pour introduire cette matin\u00e9e, les \u00e9l\u00e8ves d&rsquo;un Kindergarten sarrois nous chantent des chansons de No\u00ebl en allemand, fran\u00e7ais et anglais !<\/figcaption><\/figure>\n<p style=\"text-align: justify\">A l\u2019heure des grands questionnements sur le r\u00f4le de l\u2019Europe, en Sarre sont organis\u00e9es des matin\u00e9es europ\u00e9ennes pour mettre en avant la \u00ab&nbsp;Frankreich Strategie&nbsp;\u00bb. La pl\u00e9nipotentiaire des affaires europ\u00e9ennes de la Sarre et le ministre sarrois des affaires europ\u00e9ennes en ont organis\u00e9 cinq depuis 2015.<\/p>\n<p style=\"text-align: justify\">Dimanche 11 d\u00e9cembre avait lieu la derni\u00e8re au ch\u00e2teau de Sarrebruck, en pr\u00e9sence du pr\u00e9sident de la <strong>r\u00e9gion Grand Est, Philippe Richert<\/strong>. C\u2019\u00e9tait l\u2019occasion de faire le point sur les avanc\u00e9es de cette strat\u00e9gie France, de rappeler l&rsquo;importance du plurilinguisme et des projets et partenariats transfrontaliers pour les futures g\u00e9n\u00e9rations.<\/p>\n<p style=\"text-align: justify\">La vid\u00e9o de Mosaik TV (8 premi\u00e8res minutes) :<\/p>\n<p><a href=\"http:\/\/www.mosaik.tv\/index.php\/video\/on-fait-le-point-sur-la-frankreich-strategie\/\" target=\"_blank\">http:\/\/www.mosaik.tv\/index.php\/video\/on-fait-le-point-sur-la-frankreich-strategie\/<\/a><\/p>\n<p>La strat\u00e9gie France de la Sarre, qu&rsquo;est-ce que c&rsquo;est exactement ? Les grandes lignes :<\/p>\n<p><a href=\"http:\/\/wp.pixerecourt.fr\/granderegion\/wp-content\/uploads\/sites\/31\/2016\/12\/Frankreich-Strategie.pdf\">Frankreich-Strategie<\/a><\/p>\n","protected":false},"excerpt":{"rendered":"<p>A l\u2019heure des grands questionnements sur le r\u00f4le de l\u2019Europe, en Sarre sont organis\u00e9es des matin\u00e9es europ\u00e9ennes pour mettre en avant la \u00ab&nbsp;Frankreich Strategie&nbsp;\u00bb. La pl\u00e9nipotentiaire des affaires europ\u00e9ennes de la Sarre et le ministre sarrois des affaires europ\u00e9ennes en ont organis\u00e9 cinq depuis 2015. Dimanche 11 d\u00e9cembre avait lieu la derni\u00e8re au ch\u00e2teau de &hellip; <a href=\"https:\/\/wp.pixerecourt.fr\/granderegion\/2016\/12\/la-strategie-france-de-la-sarre\/\" class=\"more-link\">Continuer la lecture de <span class=\"screen-reader-text\">La \u00ab\u00a0strat\u00e9gie France\u00a0\u00bb de la Sarre<\/span>  <span class=\"meta-nav\">&rarr;<\/span><\/a><\/p>\n","protected":false},"author":94,"featured_media":0,"comment_status":"closed","ping_status":"open","sticky":false,"template":"","format":"standard","meta":{"ngg_post_thumbnail":0,"footnotes":""},"categories":[11],"tags":[],"class_list":["post-761","post","type-post","status-publish","format-standard","hentry","category-autres-projets-grande-region"],"_links":{"self":[{"href":"https:\/\/wp.pixerecourt.fr\/granderegion\/wp-json\/wp\/v2\/posts\/761","targetHints":{"allow":["GET"]}}],"collection":[{"href":"https:\/\/wp.pixerecourt.fr\/granderegion\/wp-json\/wp\/v2\/posts"}],"about":[{"href":"https:\/\/wp.pixerecourt.fr\/granderegion\/wp-json\/wp\/v2\/types\/post"}],"author":[{"embeddable":true,"href":"https:\/\/wp.pixerecourt.fr\/granderegion\/wp-json\/wp\/v2\/users\/94"}],"replies":[{"embeddable":true,"href":"https:\/\/wp.pixerecourt.fr\/granderegion\/wp-json\/wp\/v2\/comments?post=761"}],"version-history":[{"count":0,"href":"https:\/\/wp.pixerecourt.fr\/granderegion\/wp-json\/wp\/v2\/posts\/761\/revisions"}],"wp:attachment":[{"href":"https:\/\/wp.pixerecourt.fr\/granderegion\/wp-json\/wp\/v2\/media?parent=761"}],"wp:term":[{"taxonomy":"category","embeddable":true,"href":"https:\/\/wp.pixerecourt.fr\/granderegion\/wp-json\/wp\/v2\/categories?post=761"},{"taxonomy":"post_tag","embeddable":true,"href":"https:\/\/wp.pixerecourt.fr\/granderegion\/wp-json\/wp\/v2\/tags?post=761"}],"curies":[{"name":"wp","href":"https:\/\/api.w.org\/{rel}","templated":true}]}}