{"id":400,"date":"2016-05-21T11:57:58","date_gmt":"2016-05-21T11:57:58","guid":{"rendered":"http:\/\/wp.pixerecourt.fr\/granderegion\/?p=400"},"modified":"2016-05-21T11:57:58","modified_gmt":"2016-05-21T11:57:58","slug":"quoi-de-neuf-en-matiere-dedd-en-grande-region-mai-juin","status":"publish","type":"post","link":"https:\/\/wp.pixerecourt.fr\/granderegion\/2016\/05\/quoi-de-neuf-en-matiere-dedd-en-grande-region-mai-juin\/","title":{"rendered":"Quoi de neuf en mati\u00e8re d\u2019EDD en Grande R\u00e9gion ? (mai-juin)"},"content":{"rendered":"<p>Voici la newsletter du mois de mai et juin en mati\u00e8re d\u2019\u00e9ducation au d\u00e9veloppement durable en Grande R\u00e9gion :<\/p>\n<ul>\n<li><a title=\"Newsletter EDD Grande Re\u0301gion - mai 2016\" href=\"http:\/\/wp.pixerecourt.fr\/granderegion\/wp-content\/uploads\/sites\/31\/2016\/05\/Newsletter_EDD_Grande_Re\u0301gion_mai_2016_fr.pdf\" target=\"_blank\">Newsletter EDD Grande Re\u0301gion &#8211; mai 2016 (FR)<\/a><\/li>\n<li><a title=\"Newsletter EDD Grande Re\u0301gion - e\u0301te\u0301 2016\" href=\"http:\/\/wp.pixerecourt.fr\/granderegion\/wp-content\/uploads\/sites\/31\/2016\/05\/Newsletter_EDD_Grande_Re\u0301gion_e\u0301te\u0301_2016_fr.pdf\" target=\"_blank\">Newsletter EDD Grande Re\u0301gion &#8211; e\u0301te\u0301 2016 (FR)<\/a><\/li>\n<\/ul>\n<p><strong>Chers coll\u00e8gues,<\/strong><\/p>\n<p>D\u00e9but de saison ! Il y a de nouvelles campagnes et des r\u00e9trospectives sur des projets existants. Ce que nous pr\u00e9sentons dans ces 2 newsletters existe probablement \u00e9galement sous une forme similaire dans les autres sous-r\u00e9gions. Transmettez-nous vos projets et \u00e9v\u00e9nements, nous nous ferons un plaisir de les pr\u00e9senter sur notre site commun EDD Grande R\u00e9gion : <a href=\"http:\/\/www.bne-grossregion.net\/\" target=\"_blank\">www.bne-grossregion.net<\/a><\/p>\n<p>Annette Hoeft,<br \/>\nQuerWeltein &#8211; Gesellschaft f\u00fcr regionale Kultur- und Umweltbildung<\/p>\n","protected":false},"excerpt":{"rendered":"<p>Voici la newsletter du mois de mai et juin en mati\u00e8re d\u2019\u00e9ducation au d\u00e9veloppement durable en Grande R\u00e9gion : Newsletter EDD Grande Re\u0301gion &#8211; mai 2016 (FR) Newsletter EDD Grande Re\u0301gion &#8211; e\u0301te\u0301 2016 (FR) Chers coll\u00e8gues, D\u00e9but de saison ! Il y a de nouvelles campagnes et des r\u00e9trospectives sur des projets existants. Ce &hellip; <a href=\"https:\/\/wp.pixerecourt.fr\/granderegion\/2016\/05\/quoi-de-neuf-en-matiere-dedd-en-grande-region-mai-juin\/\" class=\"more-link\">Continuer la lecture de <span class=\"screen-reader-text\">Quoi de neuf en mati\u00e8re d\u2019EDD en Grande R\u00e9gion ? (mai-juin)<\/span>  <span class=\"meta-nav\">&rarr;<\/span><\/a><\/p>\n","protected":false},"author":94,"featured_media":0,"comment_status":"closed","ping_status":"open","sticky":false,"template":"","format":"standard","meta":{"ngg_post_thumbnail":0,"footnotes":""},"categories":[4],"tags":[],"class_list":["post-400","post","type-post","status-publish","format-standard","hentry","category-reseau-edd"],"_links":{"self":[{"href":"https:\/\/wp.pixerecourt.fr\/granderegion\/wp-json\/wp\/v2\/posts\/400","targetHints":{"allow":["GET"]}}],"collection":[{"href":"https:\/\/wp.pixerecourt.fr\/granderegion\/wp-json\/wp\/v2\/posts"}],"about":[{"href":"https:\/\/wp.pixerecourt.fr\/granderegion\/wp-json\/wp\/v2\/types\/post"}],"author":[{"embeddable":true,"href":"https:\/\/wp.pixerecourt.fr\/granderegion\/wp-json\/wp\/v2\/users\/94"}],"replies":[{"embeddable":true,"href":"https:\/\/wp.pixerecourt.fr\/granderegion\/wp-json\/wp\/v2\/comments?post=400"}],"version-history":[{"count":0,"href":"https:\/\/wp.pixerecourt.fr\/granderegion\/wp-json\/wp\/v2\/posts\/400\/revisions"}],"wp:attachment":[{"href":"https:\/\/wp.pixerecourt.fr\/granderegion\/wp-json\/wp\/v2\/media?parent=400"}],"wp:term":[{"taxonomy":"category","embeddable":true,"href":"https:\/\/wp.pixerecourt.fr\/granderegion\/wp-json\/wp\/v2\/categories?post=400"},{"taxonomy":"post_tag","embeddable":true,"href":"https:\/\/wp.pixerecourt.fr\/granderegion\/wp-json\/wp\/v2\/tags?post=400"}],"curies":[{"name":"wp","href":"https:\/\/api.w.org\/{rel}","templated":true}]}}