{"id":1788,"date":"2019-04-30T09:58:06","date_gmt":"2019-04-30T08:58:06","guid":{"rendered":"http:\/\/wp.pixerecourt.fr\/granderegion\/?p=1788"},"modified":"2019-06-02T10:12:50","modified_gmt":"2019-06-02T09:12:50","slug":"tenez-vous-bien-les-gpn-2-sont-en-euroregion","status":"publish","type":"post","link":"https:\/\/wp.pixerecourt.fr\/granderegion\/2019\/04\/tenez-vous-bien-les-gpn-2-sont-en-euroregion\/","title":{"rendered":"Tenez-vous bien, les GPN 2 sont en Euror\u00e9gion"},"content":{"rendered":"<p align=\"LEFT\"><img loading=\"lazy\" decoding=\"async\" class=\"alignright wp-image-1790 size-medium\" src=\"http:\/\/wp.pixerecourt.fr\/granderegion\/wp-content\/uploads\/sites\/31\/2019\/06\/MGR-204x300.jpg\" alt=\"\" width=\"204\" height=\"300\" srcset=\"https:\/\/wp.pixerecourt.fr\/granderegion\/wp-content\/uploads\/sites\/31\/2019\/06\/MGR-204x300.jpg 204w, https:\/\/wp.pixerecourt.fr\/granderegion\/wp-content\/uploads\/sites\/31\/2019\/06\/MGR-768x1128.jpg 768w, https:\/\/wp.pixerecourt.fr\/granderegion\/wp-content\/uploads\/sites\/31\/2019\/06\/MGR-697x1024.jpg 697w, https:\/\/wp.pixerecourt.fr\/granderegion\/wp-content\/uploads\/sites\/31\/2019\/06\/MGR-523x768.jpg 523w, https:\/\/wp.pixerecourt.fr\/granderegion\/wp-content\/uploads\/sites\/31\/2019\/06\/MGR.jpg 782w\" sizes=\"auto, (max-width: 204px) 100vw, 204px\" \/><\/p>\n<p align=\"LEFT\"><span style=\"font-family: Arial, sans-serif\">Il est de notori\u00e9t\u00e9 publique que les BTSA GPN passent leur temps dehors, que ce soit en for\u00eat ou dans les marais. Mais cette fois c\u2019est diff\u00e9rent, ils sont en Grande R\u00e9gion, dans le cadre du M11&#8230; LoL&nbsp;!<\/span><\/p>\n<p><span style=\"font-family: Arial, sans-serif\">Le matin du premier jour, direction la Maison de la Grande R\u00e9gion au Luxembourg. Ils ont pu en apprendre plus sur cette Euror\u00e9gion, notamment son organisation, les actions qu\u2019elle m\u00e8ne et les territoires qui en font partie&nbsp;: la Lorraine (France), la Wallonie (Belgique), la Rh\u00e9nanie-Palatinat (Allemagne), le Grand-Duch\u00e9 de Luxembourg et la Sarre (Allemagne).<\/span><\/p>\n<p><img loading=\"lazy\" decoding=\"async\" class=\"size-medium wp-image-1793 alignleft\" src=\"http:\/\/wp.pixerecourt.fr\/granderegion\/wp-content\/uploads\/sites\/31\/2019\/06\/hollenfels-300x225.jpg\" alt=\"SNJ Hollenfels\" width=\"300\" height=\"225\" srcset=\"https:\/\/wp.pixerecourt.fr\/granderegion\/wp-content\/uploads\/sites\/31\/2019\/06\/hollenfels-300x225.jpg 300w, https:\/\/wp.pixerecourt.fr\/granderegion\/wp-content\/uploads\/sites\/31\/2019\/06\/hollenfels-768x576.jpg 768w, https:\/\/wp.pixerecourt.fr\/granderegion\/wp-content\/uploads\/sites\/31\/2019\/06\/hollenfels-1024x768.jpg 1024w, https:\/\/wp.pixerecourt.fr\/granderegion\/wp-content\/uploads\/sites\/31\/2019\/06\/hollenfels.jpg 1536w\" sizes=\"auto, (max-width: 300px) 100vw, 300px\" \/><\/p>\n<p><span style=\"font-family: Arial, sans-serif\">A la suite de cette introduction sur la Grande R\u00e9gion, le Ch\u00e2teau du Hollenfels a baiss\u00e9 son pont-levis pour les accueillir. Ce centre de la jeunesse a pour mission l\u2019\u00e9ducation et la sensibilisation \u00e0 l\u2019environnement. Apr\u00e8s avoir particip\u00e9 \u00e0 des \u00e9co-jeux, un repas moyen\u00e2geux leur a \u00e9t\u00e9 servi. Diantre, quel festin&nbsp;!<\/span><\/p>\n<p><img loading=\"lazy\" decoding=\"async\" class=\"alignright wp-image-1795 size-thumbnail\" src=\"http:\/\/wp.pixerecourt.fr\/granderegion\/wp-content\/uploads\/sites\/31\/2019\/06\/microscope-150x150.jpg\" alt=\"\" width=\"150\" height=\"150\" srcset=\"https:\/\/wp.pixerecourt.fr\/granderegion\/wp-content\/uploads\/sites\/31\/2019\/06\/microscope-150x150.jpg 150w, https:\/\/wp.pixerecourt.fr\/granderegion\/wp-content\/uploads\/sites\/31\/2019\/06\/microscope-100x100.jpg 100w, https:\/\/wp.pixerecourt.fr\/granderegion\/wp-content\/uploads\/sites\/31\/2019\/06\/microscope-90x90.jpg 90w\" sizes=\"auto, (max-width: 150px) 100vw, 150px\" \/><\/p>\n<p><span style=\"font-family: Arial, sans-serif\">Le deuxi\u00e8me jour, ils sont all\u00e9s au moulin, mais pas pour voir le meunier&nbsp;! Au moulin de Kalborn, un projet LIFE europ\u00e9en vise \u00e0 r\u00e9introduire les moules perli\u00e8res. Au programme&nbsp;: p\u00eache et identification des macro-invert\u00e9br\u00e9s, ainsi que visite de l\u2019\u00e9levage de moules.<\/span><\/p>\n<p><img loading=\"lazy\" decoding=\"async\" class=\"wp-image-1797 size-medium alignleft\" src=\"http:\/\/wp.pixerecourt.fr\/granderegion\/wp-content\/uploads\/sites\/31\/2019\/06\/rangers-300x225.jpg\" alt=\"Rangers du parc Eifel\" width=\"300\" height=\"225\" srcset=\"https:\/\/wp.pixerecourt.fr\/granderegion\/wp-content\/uploads\/sites\/31\/2019\/06\/rangers-300x225.jpg 300w, https:\/\/wp.pixerecourt.fr\/granderegion\/wp-content\/uploads\/sites\/31\/2019\/06\/rangers-768x576.jpg 768w, https:\/\/wp.pixerecourt.fr\/granderegion\/wp-content\/uploads\/sites\/31\/2019\/06\/rangers-1024x768.jpg 1024w, https:\/\/wp.pixerecourt.fr\/granderegion\/wp-content\/uploads\/sites\/31\/2019\/06\/rangers.jpg 1536w\" sizes=\"auto, (max-width: 300px) 100vw, 300px\" \/><\/p>\n<p><span style=\"font-family: Arial, sans-serif\">L\u2019apr\u00e8s-midi, direction l\u2019Allemagne et le parc naturel r\u00e9gional Eifel. La rencontre avec des rangers a \u00e9t\u00e9 riche en enseignements. Ce parc limite au maximum l\u2019intervention humaine, mais il reste accessible \u00e0 tous publics, via les sentiers am\u00e9nag\u00e9s par les rangers.<\/span><\/p>\n<p><span style=\"font-family: Arial, sans-serif\">Le troisi\u00e8me jour, c\u2019est la Belgique qui les a accueillis. Le parc naturel des Hautes Fagnes leur a ouvert ses portes. Cette r\u00e9gion naturelle, compos\u00e9e en majorit\u00e9 de landes et de tourbi\u00e8res, leur a livr\u00e9 quelques-uns de ses secrets en compagnie d\u2019un guide.<\/span><\/p>\n<p><a href=\"http:\/\/wp.pixerecourt.fr\/granderegion\/wp-content\/uploads\/sites\/31\/2019\/06\/Panorama-H-Fagnes2.jpg\"><img loading=\"lazy\" decoding=\"async\" class=\"aligncenter wp-image-1798 size-large\" src=\"http:\/\/wp.pixerecourt.fr\/granderegion\/wp-content\/uploads\/sites\/31\/2019\/06\/Panorama-H-Fagnes2-1024x173.jpg\" alt=\"Panorama Hautes-Fagnes\" width=\"474\" height=\"80\" srcset=\"https:\/\/wp.pixerecourt.fr\/granderegion\/wp-content\/uploads\/sites\/31\/2019\/06\/Panorama-H-Fagnes2-1024x173.jpg 1024w, https:\/\/wp.pixerecourt.fr\/granderegion\/wp-content\/uploads\/sites\/31\/2019\/06\/Panorama-H-Fagnes2-300x51.jpg 300w, https:\/\/wp.pixerecourt.fr\/granderegion\/wp-content\/uploads\/sites\/31\/2019\/06\/Panorama-H-Fagnes2-768x130.jpg 768w, https:\/\/wp.pixerecourt.fr\/granderegion\/wp-content\/uploads\/sites\/31\/2019\/06\/Panorama-H-Fagnes2.jpg 1704w\" sizes=\"auto, (max-width: 474px) 100vw, 474px\" \/><\/a><\/p>\n<p><span style=\"font-family: Arial, sans-serif\">Le voyage de retour \u00e0 Pix\u00e9r\u00e9court a laiss\u00e9 une sensation de bien-\u00eatre et de satisfaction aux membres de la promotion, et peut-\u00eatre, qui sait, leur a ouvert la route vers un emploi hors de nos fronti\u00e8res&#8230;<\/span><\/p>\n<p>Notre voyage en images :<\/p>\n<p><iframe loading=\"lazy\" title=\"Tenez-vous bien, les BTS GPN 2 sont en Euror\u00e9gion\" width=\"474\" height=\"267\" src=\"https:\/\/www.youtube.com\/embed\/v495t8mRSHk?feature=oembed\" frameborder=\"0\" allow=\"accelerometer; autoplay; clipboard-write; encrypted-media; gyroscope; picture-in-picture; web-share\" referrerpolicy=\"strict-origin-when-cross-origin\" allowfullscreen><\/iframe><\/p>\n<p>&nbsp;<\/p>\n","protected":false},"excerpt":{"rendered":"<p>Il est de notori\u00e9t\u00e9 publique que les BTSA GPN passent leur temps dehors, que ce soit en for\u00eat ou dans les marais. Mais cette fois c\u2019est diff\u00e9rent, ils sont en Grande R\u00e9gion, dans le cadre du M11&#8230; LoL&nbsp;! Le matin du premier jour, direction la Maison de la Grande R\u00e9gion au Luxembourg. Ils ont pu &hellip; <a href=\"https:\/\/wp.pixerecourt.fr\/granderegion\/2019\/04\/tenez-vous-bien-les-gpn-2-sont-en-euroregion\/\" class=\"more-link\">Continuer la lecture de <span class=\"screen-reader-text\">Tenez-vous bien, les GPN 2 sont en Euror\u00e9gion<\/span>  <span class=\"meta-nav\">&rarr;<\/span><\/a><\/p>\n","protected":false},"author":94,"featured_media":0,"comment_status":"closed","ping_status":"open","sticky":false,"template":"","format":"standard","meta":{"ngg_post_thumbnail":0,"footnotes":""},"categories":[10,6],"tags":[],"class_list":["post-1788","post","type-post","status-publish","format-standard","hentry","category-la-grande-region","category-mobilite-des-apprenants"],"_links":{"self":[{"href":"https:\/\/wp.pixerecourt.fr\/granderegion\/wp-json\/wp\/v2\/posts\/1788","targetHints":{"allow":["GET"]}}],"collection":[{"href":"https:\/\/wp.pixerecourt.fr\/granderegion\/wp-json\/wp\/v2\/posts"}],"about":[{"href":"https:\/\/wp.pixerecourt.fr\/granderegion\/wp-json\/wp\/v2\/types\/post"}],"author":[{"embeddable":true,"href":"https:\/\/wp.pixerecourt.fr\/granderegion\/wp-json\/wp\/v2\/users\/94"}],"replies":[{"embeddable":true,"href":"https:\/\/wp.pixerecourt.fr\/granderegion\/wp-json\/wp\/v2\/comments?post=1788"}],"version-history":[{"count":1,"href":"https:\/\/wp.pixerecourt.fr\/granderegion\/wp-json\/wp\/v2\/posts\/1788\/revisions"}],"predecessor-version":[{"id":1821,"href":"https:\/\/wp.pixerecourt.fr\/granderegion\/wp-json\/wp\/v2\/posts\/1788\/revisions\/1821"}],"wp:attachment":[{"href":"https:\/\/wp.pixerecourt.fr\/granderegion\/wp-json\/wp\/v2\/media?parent=1788"}],"wp:term":[{"taxonomy":"category","embeddable":true,"href":"https:\/\/wp.pixerecourt.fr\/granderegion\/wp-json\/wp\/v2\/categories?post=1788"},{"taxonomy":"post_tag","embeddable":true,"href":"https:\/\/wp.pixerecourt.fr\/granderegion\/wp-json\/wp\/v2\/tags?post=1788"}],"curies":[{"name":"wp","href":"https:\/\/api.w.org\/{rel}","templated":true}]}}