{"id":1637,"date":"2018-08-22T07:32:55","date_gmt":"2018-08-22T06:32:55","guid":{"rendered":"http:\/\/wp.pixerecourt.fr\/granderegion\/?p=1637"},"modified":"2018-08-22T19:42:47","modified_gmt":"2018-08-22T18:42:47","slug":"rentree-2018-de-nouvelles-formations-defi-laine","status":"publish","type":"post","link":"https:\/\/wp.pixerecourt.fr\/granderegion\/2018\/08\/rentree-2018-de-nouvelles-formations-defi-laine\/","title":{"rendered":"Rentr\u00e9e 2018 : de nouvelles formations Defi-Laine"},"content":{"rendered":"<p><a href=\"http:\/\/wp.pixerecourt.fr\/granderegion\/wp-content\/uploads\/sites\/31\/2018\/08\/Programme-formation-mouton-2018-couverture.jpg\"><img loading=\"lazy\" decoding=\"async\" class=\"alignleft wp-image-1639 \" src=\"http:\/\/wp.pixerecourt.fr\/granderegion\/wp-content\/uploads\/sites\/31\/2018\/08\/Programme-formation-mouton-2018-couverture.jpg\" alt=\"\" width=\"244\" height=\"367\" srcset=\"https:\/\/wp.pixerecourt.fr\/granderegion\/wp-content\/uploads\/sites\/31\/2018\/08\/Programme-formation-mouton-2018-couverture.jpg 396w, https:\/\/wp.pixerecourt.fr\/granderegion\/wp-content\/uploads\/sites\/31\/2018\/08\/Programme-formation-mouton-2018-couverture-200x300.jpg 200w\" sizes=\"auto, (max-width: 244px) 100vw, 244px\" \/><\/a><\/p>\n<p style=\"text-align: justify\">D\u00e8s la rentr\u00e9e, les formations D\u00e9fi-Laine reprennent. La formation transfrontali\u00e8re aura lieu comme l&rsquo;ann\u00e9e derni\u00e8re \u00e0 l&rsquo;EPL 54&nbsp; du 14 au 16 novembre. D&rsquo;ores et d\u00e9j\u00e0, 3 lyc\u00e9es agricoles wallons et un lyc\u00e9e luxembourgeois sont int\u00e9ress\u00e9s. C\u00f4t\u00e9 fran\u00e7ais, ce seront les apprentis BTS PA du CFA&nbsp; qui participeront \u00e0 la formation cette ann\u00e9e.<\/p>\n<p style=\"text-align: justify\">Le 13 novembre aura \u00e9galement lieu une formation \u00ab\u00a0connaissance de la laine\u00a0\u00bb destin\u00e9e \u00e0 tous les publics.<\/p>\n","protected":false},"excerpt":{"rendered":"<p>D\u00e8s la rentr\u00e9e, les formations D\u00e9fi-Laine reprennent. La formation transfrontali\u00e8re aura lieu comme l&rsquo;ann\u00e9e derni\u00e8re \u00e0 l&rsquo;EPL 54&nbsp; du 14 au 16 novembre. D&rsquo;ores et d\u00e9j\u00e0, 3 lyc\u00e9es agricoles wallons et un lyc\u00e9e luxembourgeois sont int\u00e9ress\u00e9s. C\u00f4t\u00e9 fran\u00e7ais, ce seront les apprentis BTS PA du CFA&nbsp; qui participeront \u00e0 la formation cette ann\u00e9e. Le 13 &hellip; <a href=\"https:\/\/wp.pixerecourt.fr\/granderegion\/2018\/08\/rentree-2018-de-nouvelles-formations-defi-laine\/\" class=\"more-link\">Continuer la lecture de <span class=\"screen-reader-text\">Rentr\u00e9e 2018 : de nouvelles formations Defi-Laine<\/span>  <span class=\"meta-nav\">&rarr;<\/span><\/a><\/p>\n","protected":false},"author":94,"featured_media":0,"comment_status":"closed","ping_status":"open","sticky":false,"template":"","format":"standard","meta":{"ngg_post_thumbnail":0,"footnotes":""},"categories":[13],"tags":[],"class_list":["post-1637","post","type-post","status-publish","format-standard","hentry","category-defi-laine"],"_links":{"self":[{"href":"https:\/\/wp.pixerecourt.fr\/granderegion\/wp-json\/wp\/v2\/posts\/1637","targetHints":{"allow":["GET"]}}],"collection":[{"href":"https:\/\/wp.pixerecourt.fr\/granderegion\/wp-json\/wp\/v2\/posts"}],"about":[{"href":"https:\/\/wp.pixerecourt.fr\/granderegion\/wp-json\/wp\/v2\/types\/post"}],"author":[{"embeddable":true,"href":"https:\/\/wp.pixerecourt.fr\/granderegion\/wp-json\/wp\/v2\/users\/94"}],"replies":[{"embeddable":true,"href":"https:\/\/wp.pixerecourt.fr\/granderegion\/wp-json\/wp\/v2\/comments?post=1637"}],"version-history":[{"count":0,"href":"https:\/\/wp.pixerecourt.fr\/granderegion\/wp-json\/wp\/v2\/posts\/1637\/revisions"}],"wp:attachment":[{"href":"https:\/\/wp.pixerecourt.fr\/granderegion\/wp-json\/wp\/v2\/media?parent=1637"}],"wp:term":[{"taxonomy":"category","embeddable":true,"href":"https:\/\/wp.pixerecourt.fr\/granderegion\/wp-json\/wp\/v2\/categories?post=1637"},{"taxonomy":"post_tag","embeddable":true,"href":"https:\/\/wp.pixerecourt.fr\/granderegion\/wp-json\/wp\/v2\/tags?post=1637"}],"curies":[{"name":"wp","href":"https:\/\/api.w.org\/{rel}","templated":true}]}}