{"id":1549,"date":"2018-03-25T11:08:11","date_gmt":"2018-03-25T10:08:11","guid":{"rendered":"http:\/\/wp.pixerecourt.fr\/granderegion\/?p=1549"},"modified":"2018-05-10T11:13:43","modified_gmt":"2018-05-10T10:13:43","slug":"stages-et-nouveaux-partenaires-en-grande-region","status":"publish","type":"post","link":"https:\/\/wp.pixerecourt.fr\/granderegion\/2018\/03\/stages-et-nouveaux-partenaires-en-grande-region\/","title":{"rendered":"Stages et nouveaux partenaires en Grande r\u00e9gion"},"content":{"rendered":"<p><a href=\"http:\/\/wp.pixerecourt.fr\/granderegion\/wp-content\/uploads\/sites\/31\/2018\/05\/Carte_stages_Grande_Re\u0301gion_20180508.jpg\"><img loading=\"lazy\" decoding=\"async\" class=\"alignleft size-large wp-image-1548\" src=\"http:\/\/wp.pixerecourt.fr\/granderegion\/wp-content\/uploads\/sites\/31\/2018\/05\/Carte_stages_Grande_Re\u0301gion_20180508-1024x718.jpg\" alt=\"\" width=\"474\" height=\"332\" srcset=\"https:\/\/wp.pixerecourt.fr\/granderegion\/wp-content\/uploads\/sites\/31\/2018\/05\/Carte_stages_Grande_Re\u0301gion_20180508-1024x718.jpg 1024w, https:\/\/wp.pixerecourt.fr\/granderegion\/wp-content\/uploads\/sites\/31\/2018\/05\/Carte_stages_Grande_Re\u0301gion_20180508-300x210.jpg 300w, https:\/\/wp.pixerecourt.fr\/granderegion\/wp-content\/uploads\/sites\/31\/2018\/05\/Carte_stages_Grande_Re\u0301gion_20180508-768x539.jpg 768w, https:\/\/wp.pixerecourt.fr\/granderegion\/wp-content\/uploads\/sites\/31\/2018\/05\/Carte_stages_Grande_Re\u0301gion_20180508.jpg 1717w\" sizes=\"auto, (max-width: 474px) 100vw, 474px\" \/><\/a>D\u00e9but mars,&nbsp; je me suis rendue 4 jours en Grande R\u00e9gion. Ce p\u00e9riple avait plusieurs objectifs :<\/p>\n<p style=\"text-align: justify\"><strong>Consolider nos relations<\/strong> avec les \u00e9tablissements agricoles belges et luxembourgeois en les faisant participer au <a href=\"http:\/\/wp.pixerecourt.fr\/granderegion\/2018\/04\/festival-ecofiction-lagroecologie-en-grande-region\/\" target=\"_blank\" rel=\"noopener\">concours \u00ab\u00a0Ecofiction\u00a0\u00bb<\/a> portant sur l&rsquo;agro\u00e9cologie dans les \u00e9tablissements agricoles de Grande R\u00e9gion (LTA d&rsquo;Ettelbruck, HEPL de La Reid et la BSTI de Saint-With).<\/p>\n<p style=\"text-align: justify\"><strong> Cr\u00e9er de nouveaux contacts<\/strong>, j&rsquo;ai ainsi particip\u00e9 \u00e0 une r\u00e9union avec des enseignants en agro-alimentaire, agronomie et environnement&nbsp; de la Haute Ecole Charlemagne de Huy avec qui nous allons probablement monter des projets. (Merci \u00e0 Beno\u00eet Georges des services publics wallons et enseignant \u00e0 Huy d&rsquo;avoir organis\u00e9 cette rencontre).<\/p>\n<figure id=\"attachment_1555\" aria-describedby=\"caption-attachment-1555\" style=\"width: 300px\" class=\"wp-caption alignright\"><a href=\"http:\/\/wp.pixerecourt.fr\/granderegion\/wp-content\/uploads\/sites\/31\/2018\/05\/P1090300.jpg\"><img loading=\"lazy\" decoding=\"async\" class=\"wp-image-1555 size-medium\" src=\"http:\/\/wp.pixerecourt.fr\/granderegion\/wp-content\/uploads\/sites\/31\/2018\/05\/P1090300-300x169.jpg\" alt=\"\" width=\"300\" height=\"169\" srcset=\"https:\/\/wp.pixerecourt.fr\/granderegion\/wp-content\/uploads\/sites\/31\/2018\/05\/P1090300-300x169.jpg 300w, https:\/\/wp.pixerecourt.fr\/granderegion\/wp-content\/uploads\/sites\/31\/2018\/05\/P1090300-768x432.jpg 768w, https:\/\/wp.pixerecourt.fr\/granderegion\/wp-content\/uploads\/sites\/31\/2018\/05\/P1090300-1024x576.jpg 1024w\" sizes=\"auto, (max-width: 300px) 100vw, 300px\" \/><\/a><figcaption id=\"caption-attachment-1555\" class=\"wp-caption-text\">Boire du lait de la ferme avant la rencontre avec les animaux, que du bonheur !<\/figcaption><\/figure>\n<p style=\"text-align: justify\"><strong>Trouver de nouvelles places de stages pour nos \u00e9tudiants<\/strong>. Comme vous pouvez le voir sur la carte ci-dessus, une trentaine de places de stages sont disponibles \u00e0 l&rsquo;heure actuelle. Entre avril et septembre, une dizaine d&rsquo;\u00e9tudiants de Lorraine partiront en stage en Grande R\u00e9gion. Lors de ce voyage, j&rsquo;ai&nbsp; \u00e9t\u00e9 sympathiquement re\u00e7ue dans une ferme p\u00e9dagogique, un centre de technologies agronomiques, une ASBL s&rsquo;occupant de la gestion de l&rsquo;eau et un parc naturel. Plusieurs d&rsquo;entre eux sont susceptibles de prendre un\/une stagiaire ces prochains mois.<\/p>\n","protected":false},"excerpt":{"rendered":"<p>D\u00e9but mars,&nbsp; je me suis rendue 4 jours en Grande R\u00e9gion. Ce p\u00e9riple avait plusieurs objectifs : Consolider nos relations avec les \u00e9tablissements agricoles belges et luxembourgeois en les faisant participer au concours \u00ab\u00a0Ecofiction\u00a0\u00bb portant sur l&rsquo;agro\u00e9cologie dans les \u00e9tablissements agricoles de Grande R\u00e9gion (LTA d&rsquo;Ettelbruck, HEPL de La Reid et la BSTI de Saint-With). &hellip; <a href=\"https:\/\/wp.pixerecourt.fr\/granderegion\/2018\/03\/stages-et-nouveaux-partenaires-en-grande-region\/\" class=\"more-link\">Continuer la lecture de <span class=\"screen-reader-text\">Stages et nouveaux partenaires en Grande r\u00e9gion<\/span>  <span class=\"meta-nav\">&rarr;<\/span><\/a><\/p>\n","protected":false},"author":94,"featured_media":0,"comment_status":"closed","ping_status":"open","sticky":false,"template":"","format":"standard","meta":{"ngg_post_thumbnail":0,"footnotes":""},"categories":[6],"tags":[],"class_list":["post-1549","post","type-post","status-publish","format-standard","hentry","category-mobilite-des-apprenants"],"_links":{"self":[{"href":"https:\/\/wp.pixerecourt.fr\/granderegion\/wp-json\/wp\/v2\/posts\/1549","targetHints":{"allow":["GET"]}}],"collection":[{"href":"https:\/\/wp.pixerecourt.fr\/granderegion\/wp-json\/wp\/v2\/posts"}],"about":[{"href":"https:\/\/wp.pixerecourt.fr\/granderegion\/wp-json\/wp\/v2\/types\/post"}],"author":[{"embeddable":true,"href":"https:\/\/wp.pixerecourt.fr\/granderegion\/wp-json\/wp\/v2\/users\/94"}],"replies":[{"embeddable":true,"href":"https:\/\/wp.pixerecourt.fr\/granderegion\/wp-json\/wp\/v2\/comments?post=1549"}],"version-history":[{"count":0,"href":"https:\/\/wp.pixerecourt.fr\/granderegion\/wp-json\/wp\/v2\/posts\/1549\/revisions"}],"wp:attachment":[{"href":"https:\/\/wp.pixerecourt.fr\/granderegion\/wp-json\/wp\/v2\/media?parent=1549"}],"wp:term":[{"taxonomy":"category","embeddable":true,"href":"https:\/\/wp.pixerecourt.fr\/granderegion\/wp-json\/wp\/v2\/categories?post=1549"},{"taxonomy":"post_tag","embeddable":true,"href":"https:\/\/wp.pixerecourt.fr\/granderegion\/wp-json\/wp\/v2\/tags?post=1549"}],"curies":[{"name":"wp","href":"https:\/\/api.w.org\/{rel}","templated":true}]}}