{"id":1501,"date":"2018-03-01T14:38:38","date_gmt":"2018-03-01T13:38:38","guid":{"rendered":"http:\/\/wp.pixerecourt.fr\/granderegion\/?p=1501"},"modified":"2018-04-30T18:48:57","modified_gmt":"2018-04-30T17:48:57","slug":"rubrique-speciale-interreg-defi-laine","status":"publish","type":"post","link":"https:\/\/wp.pixerecourt.fr\/granderegion\/2018\/03\/rubrique-speciale-interreg-defi-laine\/","title":{"rendered":"Rubrique sp\u00e9ciale Interreg D\u00e9fi-Laine"},"content":{"rendered":"<p style=\"text-align: justify\"><img loading=\"lazy\" decoding=\"async\" class=\"alignleft size-medium wp-image-1506\" src=\"http:\/\/wp.pixerecourt.fr\/granderegion\/wp-content\/uploads\/sites\/31\/2018\/04\/Pixerecourt_epl_54_logo_avec-texte-300x137.jpg\" alt=\"\" height=\"137\" width=\"300\" srcset=\"https:\/\/wp.pixerecourt.fr\/granderegion\/wp-content\/uploads\/sites\/31\/2018\/04\/Pixerecourt_epl_54_logo_avec-texte-300x137.jpg 300w, https:\/\/wp.pixerecourt.fr\/granderegion\/wp-content\/uploads\/sites\/31\/2018\/04\/Pixerecourt_epl_54_logo_avec-texte-768x351.jpg 768w, https:\/\/wp.pixerecourt.fr\/granderegion\/wp-content\/uploads\/sites\/31\/2018\/04\/Pixerecourt_epl_54_logo_avec-texte-1024x467.jpg 1024w, https:\/\/wp.pixerecourt.fr\/granderegion\/wp-content\/uploads\/sites\/31\/2018\/04\/Pixerecourt_epl_54_logo_avec-texte.jpg 1433w\" sizes=\"auto, (max-width: 300px) 100vw, 300px\" \/>L&rsquo;EPLEFPA 54 s&rsquo;est dot\u00e9 d&rsquo;un nouveau site Internet.<\/p>\n<p style=\"text-align: justify\">Une rubrique sp\u00e9ciale Interreg D\u00e9fi-Laine a \u00e9t\u00e9 cr\u00e9\u00e9e dans laquelle vous trouverez de nombreuses informations concernant le projet, les partenaires, les moutons et la laine en Grande R\u00e9gion.<\/p>\n<p style=\"text-align: justify\"><a href=\"https:\/\/www.pixerecourt.fr\/outils-pedagogiques-2\/interreg\/\" target=\"_blank\" rel=\"noopener\">https:\/\/www.pixerecourt.fr\/outils-pedagogiques-2\/interreg\/<\/a><\/p>\n<p style=\"text-align: justify\">Vous trouverez \u00e9galement dans ces articles des informations concernant les formations au tri et \u00e0 la tonte organis\u00e9es par le CFPPA de Pixerecourt et l&rsquo;EPLEFPA de Mirecourt avec le concours de nos partenaires transfrontaliers.<\/p>\n<p><img loading=\"lazy\" decoding=\"async\" class=\"alignleft wp-image-1509\" src=\"http:\/\/wp.pixerecourt.fr\/granderegion\/wp-content\/uploads\/sites\/31\/2018\/03\/19511082_1861034434160788_7092731617811427926_n.jpg\" alt=\"\" height=\"99\" width=\"99\" srcset=\"https:\/\/wp.pixerecourt.fr\/granderegion\/wp-content\/uploads\/sites\/31\/2018\/03\/19511082_1861034434160788_7092731617811427926_n.jpg 148w, https:\/\/wp.pixerecourt.fr\/granderegion\/wp-content\/uploads\/sites\/31\/2018\/03\/19511082_1861034434160788_7092731617811427926_n-100x100.jpg 100w, https:\/\/wp.pixerecourt.fr\/granderegion\/wp-content\/uploads\/sites\/31\/2018\/03\/19511082_1861034434160788_7092731617811427926_n-90x90.jpg 90w\" sizes=\"auto, (max-width: 99px) 100vw, 99px\" \/>Voici quelques images d&rsquo;une formation organis\u00e9e \u00e0 la bergerie du Gros Cron en Belgique :<\/p>\n<div style=\"width: 400px;\" class=\"wp-video\"><!--[if lt IE 9]><script>document.createElement('video');<\/script><![endif]-->\n<video class=\"wp-video-shortcode\" id=\"video-1501-1\" width=\"400\" height=\"222\" preload=\"metadata\" controls=\"controls\"><source type=\"video\/mp4\" src=\"http:\/\/wp.pixerecourt.fr\/granderegion\/wp-content\/uploads\/sites\/31\/2018\/03\/Formation-tonte-Yannick-25022018-La-Bergerie-du-Gros-Cron.mp4?_=1\" \/><a href=\"http:\/\/wp.pixerecourt.fr\/granderegion\/wp-content\/uploads\/sites\/31\/2018\/03\/Formation-tonte-Yannick-25022018-La-Bergerie-du-Gros-Cron.mp4\">http:\/\/wp.pixerecourt.fr\/granderegion\/wp-content\/uploads\/sites\/31\/2018\/03\/Formation-tonte-Yannick-25022018-La-Bergerie-du-Gros-Cron.mp4<\/a><\/video><\/div>\n","protected":false},"excerpt":{"rendered":"<p>L&rsquo;EPLEFPA 54 s&rsquo;est dot\u00e9 d&rsquo;un nouveau site Internet. Une rubrique sp\u00e9ciale Interreg D\u00e9fi-Laine a \u00e9t\u00e9 cr\u00e9\u00e9e dans laquelle vous trouverez de nombreuses informations concernant le projet, les partenaires, les moutons et la laine en Grande R\u00e9gion. https:\/\/www.pixerecourt.fr\/outils-pedagogiques-2\/interreg\/ Vous trouverez \u00e9galement dans ces articles des informations concernant les formations au tri et \u00e0 la tonte organis\u00e9es &hellip; <a href=\"https:\/\/wp.pixerecourt.fr\/granderegion\/2018\/03\/rubrique-speciale-interreg-defi-laine\/\" class=\"more-link\">Continuer la lecture de <span class=\"screen-reader-text\">Rubrique sp\u00e9ciale Interreg D\u00e9fi-Laine<\/span>  <span class=\"meta-nav\">&rarr;<\/span><\/a><\/p>\n","protected":false},"author":94,"featured_media":0,"comment_status":"closed","ping_status":"open","sticky":false,"template":"","format":"standard","meta":{"ngg_post_thumbnail":0,"footnotes":""},"categories":[13],"tags":[],"class_list":["post-1501","post","type-post","status-publish","format-standard","hentry","category-defi-laine"],"_links":{"self":[{"href":"https:\/\/wp.pixerecourt.fr\/granderegion\/wp-json\/wp\/v2\/posts\/1501","targetHints":{"allow":["GET"]}}],"collection":[{"href":"https:\/\/wp.pixerecourt.fr\/granderegion\/wp-json\/wp\/v2\/posts"}],"about":[{"href":"https:\/\/wp.pixerecourt.fr\/granderegion\/wp-json\/wp\/v2\/types\/post"}],"author":[{"embeddable":true,"href":"https:\/\/wp.pixerecourt.fr\/granderegion\/wp-json\/wp\/v2\/users\/94"}],"replies":[{"embeddable":true,"href":"https:\/\/wp.pixerecourt.fr\/granderegion\/wp-json\/wp\/v2\/comments?post=1501"}],"version-history":[{"count":0,"href":"https:\/\/wp.pixerecourt.fr\/granderegion\/wp-json\/wp\/v2\/posts\/1501\/revisions"}],"wp:attachment":[{"href":"https:\/\/wp.pixerecourt.fr\/granderegion\/wp-json\/wp\/v2\/media?parent=1501"}],"wp:term":[{"taxonomy":"category","embeddable":true,"href":"https:\/\/wp.pixerecourt.fr\/granderegion\/wp-json\/wp\/v2\/categories?post=1501"},{"taxonomy":"post_tag","embeddable":true,"href":"https:\/\/wp.pixerecourt.fr\/granderegion\/wp-json\/wp\/v2\/tags?post=1501"}],"curies":[{"name":"wp","href":"https:\/\/api.w.org\/{rel}","templated":true}]}}