{"id":1486,"date":"2018-03-28T11:55:19","date_gmt":"2018-03-28T10:55:19","guid":{"rendered":"http:\/\/wp.pixerecourt.fr\/granderegion\/?p=1486"},"modified":"2018-04-30T18:51:25","modified_gmt":"2018-04-30T17:51:25","slug":"echanges-entre-les-eleves-de-mirecourt-88-et-dettelbruck-lu","status":"publish","type":"post","link":"https:\/\/wp.pixerecourt.fr\/granderegion\/2018\/03\/echanges-entre-les-eleves-de-mirecourt-88-et-dettelbruck-lu\/","title":{"rendered":"Echanges entre les \u00e9l\u00e8ves de Mirecourt (88) et d&rsquo;Ettelbruck (L)"},"content":{"rendered":"<p style=\"text-align: justify\">Lors de la journ\u00e9e d&rsquo;\u00e9changes de pratiques organis\u00e9e l&rsquo;ann\u00e9e derni\u00e8re au lyc\u00e9e d&rsquo;Ettelbruck (<a href=\"http:\/\/wp.pixerecourt.fr\/granderegion\/2017\/02\/visite-au-lta-dettelbruck-au-luxembourg\/\" target=\"_blank\" rel=\"noopener\">Visite au LTA d\u2019Ettelbruck au Luxembourg<\/a>) des contacts entre les enseignants et formateurs lorrains se sont tiss\u00e9s.<\/p>\n<p style=\"text-align: justify\"><img loading=\"lazy\" decoding=\"async\" class=\"alignleft size-medium wp-image-1489\" src=\"http:\/\/wp.pixerecourt.fr\/granderegion\/wp-content\/uploads\/sites\/31\/2018\/04\/csm_photo_gaia_fcd4b7558e-300x39.jpg\" alt=\"\" height=\"39\" width=\"300\" srcset=\"https:\/\/wp.pixerecourt.fr\/granderegion\/wp-content\/uploads\/sites\/31\/2018\/04\/csm_photo_gaia_fcd4b7558e-300x39.jpg 300w, https:\/\/wp.pixerecourt.fr\/granderegion\/wp-content\/uploads\/sites\/31\/2018\/04\/csm_photo_gaia_fcd4b7558e-768x100.jpg 768w, https:\/\/wp.pixerecourt.fr\/granderegion\/wp-content\/uploads\/sites\/31\/2018\/04\/csm_photo_gaia_fcd4b7558e.jpg 804w\" sizes=\"auto, (max-width: 300px) 100vw, 300px\" \/> <img loading=\"lazy\" decoding=\"async\" class=\"alignleft size-full wp-image-1490\" src=\"http:\/\/wp.pixerecourt.fr\/granderegion\/wp-content\/uploads\/sites\/31\/2018\/04\/logo.jpg\" alt=\"\" height=\"169\" width=\"200\">Une enseignante de l&rsquo;EPLEFPA de Mirecourt, Mme Boursas, a pu ainsi organiser une rencontre entre ses \u00e9l\u00e8ves de Bac Pro et leurs homologues luxembourgeois. Cette journ\u00e9e riche en \u00e9changes,&nbsp; lors de laquelle les \u00e9l\u00e8ves vosgiens ont pu se rendre au Luxembourg, se poursuivra&nbsp; en octobre prochain par une visite des jeunes luxembourgeois \u00e0 la ferme de Braquemont \u00e0 Mirecourt o\u00f9 un programme autour de la th\u00e9matique de l&rsquo;herbe leur sera propos\u00e9.<\/p>\n<p style=\"text-align: justify\">N&rsquo;h\u00e9sitez pas \u00e0 cliquer sur l&rsquo;article r\u00e9dig\u00e9 par les \u00e9l\u00e8ves de Mirecourt&nbsp; afin d&rsquo;en savoir davantage sur l&rsquo;agriculture et la biodiversit\u00e9 au Luxembourg : <a href=\"http:\/\/wp.pixerecourt.fr\/granderegion\/wp-content\/uploads\/sites\/31\/2018\/04\/Echange-Mirecourt-ettelbruck.pdf\" target=\"_blank\" rel=\"noopener\">Echange Mirecourt-Ettelbruck<\/a>.<\/p>\n<p style=\"text-align: justify\">&nbsp;<\/p>\n<p>&nbsp;<\/p>\n","protected":false},"excerpt":{"rendered":"<p>Lors de la journ\u00e9e d&rsquo;\u00e9changes de pratiques organis\u00e9e l&rsquo;ann\u00e9e derni\u00e8re au lyc\u00e9e d&rsquo;Ettelbruck (Visite au LTA d\u2019Ettelbruck au Luxembourg) des contacts entre les enseignants et formateurs lorrains se sont tiss\u00e9s. Une enseignante de l&rsquo;EPLEFPA de Mirecourt, Mme Boursas, a pu ainsi organiser une rencontre entre ses \u00e9l\u00e8ves de Bac Pro et leurs homologues luxembourgeois. Cette &hellip; <a href=\"https:\/\/wp.pixerecourt.fr\/granderegion\/2018\/03\/echanges-entre-les-eleves-de-mirecourt-88-et-dettelbruck-lu\/\" class=\"more-link\">Continuer la lecture de <span class=\"screen-reader-text\">Echanges entre les \u00e9l\u00e8ves de Mirecourt (88) et d&rsquo;Ettelbruck (L)<\/span>  <span class=\"meta-nav\">&rarr;<\/span><\/a><\/p>\n","protected":false},"author":94,"featured_media":0,"comment_status":"closed","ping_status":"open","sticky":false,"template":"","format":"standard","meta":{"ngg_post_thumbnail":0,"footnotes":""},"categories":[12,6],"tags":[],"class_list":["post-1486","post","type-post","status-publish","format-standard","hentry","category-agriculture","category-mobilite-des-apprenants"],"_links":{"self":[{"href":"https:\/\/wp.pixerecourt.fr\/granderegion\/wp-json\/wp\/v2\/posts\/1486","targetHints":{"allow":["GET"]}}],"collection":[{"href":"https:\/\/wp.pixerecourt.fr\/granderegion\/wp-json\/wp\/v2\/posts"}],"about":[{"href":"https:\/\/wp.pixerecourt.fr\/granderegion\/wp-json\/wp\/v2\/types\/post"}],"author":[{"embeddable":true,"href":"https:\/\/wp.pixerecourt.fr\/granderegion\/wp-json\/wp\/v2\/users\/94"}],"replies":[{"embeddable":true,"href":"https:\/\/wp.pixerecourt.fr\/granderegion\/wp-json\/wp\/v2\/comments?post=1486"}],"version-history":[{"count":0,"href":"https:\/\/wp.pixerecourt.fr\/granderegion\/wp-json\/wp\/v2\/posts\/1486\/revisions"}],"wp:attachment":[{"href":"https:\/\/wp.pixerecourt.fr\/granderegion\/wp-json\/wp\/v2\/media?parent=1486"}],"wp:term":[{"taxonomy":"category","embeddable":true,"href":"https:\/\/wp.pixerecourt.fr\/granderegion\/wp-json\/wp\/v2\/categories?post=1486"},{"taxonomy":"post_tag","embeddable":true,"href":"https:\/\/wp.pixerecourt.fr\/granderegion\/wp-json\/wp\/v2\/tags?post=1486"}],"curies":[{"name":"wp","href":"https:\/\/api.w.org\/{rel}","templated":true}]}}