{"id":1431,"date":"2017-12-21T15:09:15","date_gmt":"2017-12-21T14:09:15","guid":{"rendered":"http:\/\/wp.pixerecourt.fr\/granderegion\/?p=1431"},"modified":"2017-12-31T15:10:45","modified_gmt":"2017-12-31T14:10:45","slug":"defi-laine-newsletter-n3","status":"publish","type":"post","link":"https:\/\/wp.pixerecourt.fr\/granderegion\/2017\/12\/defi-laine-newsletter-n3\/","title":{"rendered":"DEFI-Laine \u2013 Newsletter n\u00b03"},"content":{"rendered":"<p><img loading=\"lazy\" decoding=\"async\" class=\"aligncenter wp-image-1433 size-full\" src=\"http:\/\/wp.pixerecourt.fr\/granderegion\/wp-content\/uploads\/sites\/31\/2017\/12\/logo_interregDL_newletter.jpg\" alt=\"\" width=\"506\" height=\"230\" srcset=\"https:\/\/wp.pixerecourt.fr\/granderegion\/wp-content\/uploads\/sites\/31\/2017\/12\/logo_interregDL_newletter.jpg 506w, https:\/\/wp.pixerecourt.fr\/granderegion\/wp-content\/uploads\/sites\/31\/2017\/12\/logo_interregDL_newletter-300x136.jpg 300w\" sizes=\"auto, (max-width: 506px) 100vw, 506px\" \/><\/p>\n<h2>Bienvenue dans l&rsquo;univers de DEFI-Laine &#8211; Newsletter d\u00e9cembre 2017<\/h2>\n<p style=\"font-size: 10pt\">Tous les partenaires de DEFI-laine s\u2019activent\u2026<br \/>\nPour fabriquer les premiers poufs en \u00ab Laine fleurie \u00bb.<br \/>\nPour analyser les laines d\u2019\u00e9leveurs int\u00e9ress\u00e9s \u00e0 la valoriser.<br \/>\nPour mieux comprendre ce que les consommateurs aimeraient comme produits en laine locale.<br \/>\nPour accompagner vos r\u00eaves de laine et qu\u2019ils voient le jour.<br \/>\nPour vous expliquer comment prendre de belles photos de vos cr\u00e9ations.<br \/>\n(\u2026)<br \/>\nPour vous souhaiter une ann\u00e9e 2018 chaleureuse, laineuse, heureuse&nbsp;!<\/p>\n<h3>Laine Fleurie&nbsp;: un premier produit \u00e0 cueillir&nbsp;!<\/h3>\n<p style=\"font-size:12px;font-family:Helvetica\">Ils sont l\u00e0&nbsp;! Cr\u00e9ations de deux stylistes\/artisanes, les 4 poufs en &lsquo;Laine fleurie&rsquo; allient confort et esth\u00e9tique. Conception et fabrication locale pour ces tr\u00e8s beaux produits hauts de gamme de finition soign\u00e9e.<br \/>Des produits et un projet 100% pro-biodiversit\u00e9&nbsp;\u00e0 d\u00e9couvrir tr\u00e8s vite&nbsp;!<br \/>\nLire la suite&nbsp;: <a href=\"https:\/\/laines.us10.list-manage.com\/track\/click?u=3e58e3b97b4f033cd3f9111b7&amp;id=049fb60916&amp;e=cc029b62ed\" target=\"_blank\" style=\"color:#6DC6DD;font-weight:normal;text-decoration:underline\">www.natagora.be<\/a>.<\/p>\n<h3>\u00c9leveurs et transformateurs, m\u00eame combat \ud83d\ude42<\/h3>\n<p style=\"font-size:12px;font-family:Helvetica\">Les transformateurs ont besoin de laine ? Les \u00e9leveurs souhaitent la valoriser ? Eh bien, mettons-les en contact ! Ils pourront d\u00e9terminer qui a besoin de quelle laine, quand, o\u00f9, etc. C\u2019est un peu le projet de collecte \u2018virtuelle\u2019 que DEFI-laine souhaitait mettre en place\u2026 qui est maintenant propos\u00e9 par des \u00e9leveurs eux-m\u00eames :).<br \/>\nLire la suite&nbsp;: <a href=\"https:\/\/laines.us10.list-manage.com\/track\/click?u=3e58e3b97b4f033cd3f9111b7&amp;id=0952ec90a3&amp;e=cc029b62ed\" target=\"_blank\" style=\"color:#6DC6DD;font-weight:normal;text-decoration:underline\">www.laines.be<\/a>.<\/p>\n<h3>Exposition, informations et formation sur la laine<\/h3>\n<p style=\"font-size:12px;font-family:Helvetica\">En octobre, \u00e0 Agrimax, et en novembre, \u00e0 Nancy-Pix\u00e9r\u00e9court, quelques partenaires du projet DEFI-laine ont alli\u00e9 leurs forces\u2026 D\u2019une part pour montrer au grand public les caract\u00e9ristiques de la laine et des produits qu\u2019elle permet. Et d\u2019autre part pour sensibiliser la jeune g\u00e9n\u00e9ration de la Grande R\u00e9gion \u00e0 ce produit noble et durable. Des moments riches en rencontres et en \u00e9changes !<br \/>\nLire la suite&nbsp;: <a href=\"https:\/\/laines.us10.list-manage.com\/track\/click?u=3e58e3b97b4f033cd3f9111b7&amp;id=293eca5afe&amp;e=cc029b62ed\" target=\"_blank\" style=\"color:#6DC6DD;font-weight:normal;text-decoration:underline\">www.pixerecourt.fr<\/a>.<\/p>\n<h3>Photographier ses produits : les \u00e9tapes cl\u00e9s !<\/h3>\n<p style=\"font-size:12px;font-family:Helvetica\">Aujourd\u2019hui, une bonne partie de la commercialisation se joue sur le web\u2026 Et qui dit e-commerce, dit photographie&nbsp;! Voici un guide sp\u00e9cialement concoct\u00e9 pour nos porteurs de projets lainiers&nbsp;: sans prise de t\u00eate ou mat\u00e9riel sophistiqu\u00e9, obtenez des photos propres et l\u00e9ch\u00e9es, qui mettront en valeur vos produits.<br \/>\nLire la suite&nbsp;: <a href=\"https:\/\/laines.us10.list-manage.com\/track\/click?u=3e58e3b97b4f033cd3f9111b7&amp;id=ef8f5debbb&amp;e=cc029b62ed\" target=\"_blank\" style=\"color:#6DC6DD;font-weight:normal;text-decoration:underline\">www.laines.be<\/a>.<\/p>\n<h3>Participez au futur \u00ab Circuit des d\u00e9couvertes de la laine \u00bb<\/h3>\n<p style=\"font-size:12px;font-family:Helvetica\">Une des actions du projet DEFI-laine est la mise sur pied d\u2019un \u00ab Circuit des d\u00e9couvertes \u00bb de la laine, de ses produits, de ses acteurs. Pas mal de choses restent \u00e0 d\u00e9finir sur l\u2019organisation du circuit\u2026 et la premi\u00e8re d\u2019entre elle est de savoir si vous \u00eates partant !<br \/>\nLire la suite&nbsp;: <a href=\"https:\/\/laines.us10.list-manage.com\/track\/click?u=3e58e3b97b4f033cd3f9111b7&amp;id=ce3b9b2ebf&amp;e=cc029b62ed\" target=\"_blank\" style=\"color:#6DC6DD;font-weight:normal;text-decoration:underline\">www.laines.be<\/a>.<\/p>\n<h3>Un futur b\u00e2timent \u2018t\u00e9moin\u2019 r\u00e9nov\u00e9 en laine locale<\/h3>\n<p style=\"font-size:12px;font-family:Helvetica\">C\u2019est la salle des f\u00eates de Mandres-Aux-Quatre-Tours (Meurthe-et-Moselle) qui a \u00e9t\u00e9 choisie pour \u00eatre r\u00e9nov\u00e9e avec de la laine locale. Le b\u00e2timent sera ensuite accessible au public. Il pourra ainsi voir, appr\u00e9cier et comprendre les diff\u00e9rents isolants thermiques et acoustiques utilis\u00e9s, ainsi que leur mise en \u0153uvre.<br \/>\nLire la suite&nbsp;: <a href=\"https:\/\/laines.us10.list-manage.com\/track\/click?u=3e58e3b97b4f033cd3f9111b7&amp;id=5801b34700&amp;e=cc029b62ed\" target=\"_blank\" style=\"color:#6DC6DD;font-weight:normal;text-decoration:underline\">www.pnr-lorraine.com<\/a>.<\/p>\n<h3>Recherche prestataire \u00e9tude de march\u00e9<\/h3>\n<p style=\"font-size:12px;font-family:Helvetica\">Afin de mettre en \u00e9vidence les tendances du march\u00e9 de la laine et de ses d\u00e9bouch\u00e9s, une \u00e9tude de march\u00e9 sera engag\u00e9e d\u00e9but 2018. Objectif : identifier des produits durables en laine issue de la Grande R\u00e9gion qu\u2019il serait possible de d\u00e9velopper.<br \/>\nLire la suite&nbsp;: <a href=\"https:\/\/laines.us10.list-manage.com\/track\/click?u=3e58e3b97b4f033cd3f9111b7&amp;id=a5187b22ed&amp;e=cc029b62ed\" target=\"_blank\" style=\"color:#6DC6DD;font-weight:normal;text-decoration:underline\">www.pnr-lorraine.com<\/a>.<\/p>\n<h3>D\u00e9fi Laine pr\u00e9sent\u00e9 au Qu\u00e9bec<\/h3>\n<p style=\"font-size:12px;font-family:Helvetica\">Le Cluster Eco-construction s\u2019est rendu \u00e0 la mi-octobre au Qu\u00e9bec, pour pr\u00e9senter les avanc\u00e9es wallonnes et europ\u00e9ennes en mati\u00e8re d\u2019\u00e9co-construction\u2026 dont la laine et les actions de DEFI-laine en la mati\u00e8re.<br \/>\nLire la suite&nbsp;: <a href=\"https:\/\/laines.us10.list-manage.com\/track\/click?u=3e58e3b97b4f033cd3f9111b7&amp;id=bbaecaad30&amp;e=cc029b62ed\" target=\"_blank\" style=\"color:#6DC6DD;font-weight:normal;text-decoration:underline\">www.clusters.wallonie.be<\/a>.<\/p>\n<h3>Base de donn\u00e9es de points de vente<\/h3>\n<p style=\"font-size:12px;font-family:Helvetica\">Dans le cadre de l\u2019accompagnement de toute une s\u00e9rie de produits en Wallonie, Lorraine et Grand-duch\u00e9 de Luxembourg, nous souhaitons r\u00e9aliser une liste de points de vente potentiellement int\u00e9ress\u00e9s par des produits en laine locale.<br \/>\nLire la suite : <a href=\"https:\/\/laines.us10.list-manage.com\/track\/click?u=3e58e3b97b4f033cd3f9111b7&amp;id=b94a356046&amp;e=cc029b62ed\" target=\"_blank\" style=\"color:#6DC6DD;font-weight:normal;text-decoration:underline\">www.laines.be<\/a>.<\/p>\n<h3>DEFI-Laine ?<\/h3>\n<p style=\"font-size:12px;font-family:Helvetica\">DEFI-Laine, c&rsquo;est un projet transnational de valorisation de la laine de mouton produite dans la \u00ab\u00a0Grande r\u00e9gion\u00a0\u00bb.<br \/>\n4 grandes actions sont en cours&nbsp;: Communication (f\u00eates, circuit des d\u00e9couvertes, promotion de la laine dans l\u2019\u00e9co-construction, web, etc.), collecte pilote virtuelle, cr\u00e9ation d\u2019un cluster transnational et d\u00e9veloppement de produits (\u00e9tude de march\u00e9, accompagnement de projets, Laine fleurie, produit industriel, formations, b\u00e2timent t\u00e9moin, etc.).<br \/>\nEn savoir plus : <a href=\"mailto:interreg@laines.be\" style=\"color:#6DC6DD;font-weight:normal;text-decoration:underline\">interreg@laines.be<\/a> ou <a href=\"https:\/\/laines.us10.list-manage.com\/track\/click?u=3e58e3b97b4f033cd3f9111b7&amp;id=04eeaf53b1&amp;e=cc029b62ed\" target=\"_blank\" style=\"color:#6DC6DD;font-weight:normal;text-decoration:underline\">www.laines.be<\/a>.<\/p>\n<p style=\"font-size: 10px;color: #606060\">Copyright \u00a9 2017 Fili\u00e8re laine asbl, Tous droits r\u00e9serv\u00e9s<br \/>\nDEFI-Laine &#8211; Pour une revalorisation de la laine locale<br \/>\nAdresse : Fili\u00e8re laine asbl &#8211; 54 Grand\u2019rue &#8211; B-6724 Marbehan<\/p>\n","protected":false},"excerpt":{"rendered":"<p>Bienvenue dans l&rsquo;univers de DEFI-Laine &#8211; Newsletter d\u00e9cembre 2017 Tous les partenaires de DEFI-laine s\u2019activent\u2026 Pour fabriquer les premiers poufs en \u00ab Laine fleurie \u00bb. Pour analyser les laines d\u2019\u00e9leveurs int\u00e9ress\u00e9s \u00e0 la valoriser. Pour mieux comprendre ce que les consommateurs aimeraient comme produits en laine locale. Pour accompagner vos r\u00eaves de laine et qu\u2019ils &hellip; <a href=\"https:\/\/wp.pixerecourt.fr\/granderegion\/2017\/12\/defi-laine-newsletter-n3\/\" class=\"more-link\">Continuer la lecture de <span class=\"screen-reader-text\">DEFI-Laine \u2013 Newsletter n\u00b03<\/span>  <span class=\"meta-nav\">&rarr;<\/span><\/a><\/p>\n","protected":false},"author":94,"featured_media":0,"comment_status":"closed","ping_status":"open","sticky":false,"template":"","format":"standard","meta":{"ngg_post_thumbnail":0,"footnotes":""},"categories":[13],"tags":[],"class_list":["post-1431","post","type-post","status-publish","format-standard","hentry","category-defi-laine"],"_links":{"self":[{"href":"https:\/\/wp.pixerecourt.fr\/granderegion\/wp-json\/wp\/v2\/posts\/1431","targetHints":{"allow":["GET"]}}],"collection":[{"href":"https:\/\/wp.pixerecourt.fr\/granderegion\/wp-json\/wp\/v2\/posts"}],"about":[{"href":"https:\/\/wp.pixerecourt.fr\/granderegion\/wp-json\/wp\/v2\/types\/post"}],"author":[{"embeddable":true,"href":"https:\/\/wp.pixerecourt.fr\/granderegion\/wp-json\/wp\/v2\/users\/94"}],"replies":[{"embeddable":true,"href":"https:\/\/wp.pixerecourt.fr\/granderegion\/wp-json\/wp\/v2\/comments?post=1431"}],"version-history":[{"count":0,"href":"https:\/\/wp.pixerecourt.fr\/granderegion\/wp-json\/wp\/v2\/posts\/1431\/revisions"}],"wp:attachment":[{"href":"https:\/\/wp.pixerecourt.fr\/granderegion\/wp-json\/wp\/v2\/media?parent=1431"}],"wp:term":[{"taxonomy":"category","embeddable":true,"href":"https:\/\/wp.pixerecourt.fr\/granderegion\/wp-json\/wp\/v2\/categories?post=1431"},{"taxonomy":"post_tag","embeddable":true,"href":"https:\/\/wp.pixerecourt.fr\/granderegion\/wp-json\/wp\/v2\/tags?post=1431"}],"curies":[{"name":"wp","href":"https:\/\/api.w.org\/{rel}","templated":true}]}}