{"id":1167,"date":"2017-07-30T09:20:37","date_gmt":"2017-07-30T09:20:37","guid":{"rendered":"http:\/\/wp.pixerecourt.fr\/granderegion\/?p=1167"},"modified":"2017-09-30T09:21:49","modified_gmt":"2017-09-30T09:21:49","slug":"le-mouton-en-carton-o","status":"publish","type":"post","link":"https:\/\/wp.pixerecourt.fr\/granderegion\/2017\/07\/le-mouton-en-carton-o\/","title":{"rendered":"Le mouton en carton :o)"},"content":{"rendered":"<p style=\"text-align: justify\"><strong><a href=\"http:\/\/wp.pixerecourt.fr\/granderegion\/wp-content\/uploads\/sites\/31\/2017\/09\/P1080192.jpg\"><img loading=\"lazy\" decoding=\"async\" class=\"wp-image-1189 size-medium alignleft\" src=\"http:\/\/wp.pixerecourt.fr\/granderegion\/wp-content\/uploads\/sites\/31\/2017\/09\/P1080192-300x169.jpg\" height=\"169\" width=\"300\" srcset=\"https:\/\/wp.pixerecourt.fr\/granderegion\/wp-content\/uploads\/sites\/31\/2017\/09\/P1080192-300x169.jpg 300w, https:\/\/wp.pixerecourt.fr\/granderegion\/wp-content\/uploads\/sites\/31\/2017\/09\/P1080192-768x432.jpg 768w, https:\/\/wp.pixerecourt.fr\/granderegion\/wp-content\/uploads\/sites\/31\/2017\/09\/P1080192-1024x576.jpg 1024w\" sizes=\"auto, (max-width: 300px) 100vw, 300px\" \/><\/a>\u00ab\u00a0Le mouton en carton\u00a0\u00bb<\/strong> du projet tiers-temps a voyag\u00e9 un peu en ce mois de juillet. En effet, il \u00e9tait pr\u00e9sent \u00e0 la <strong>foire agricole d&rsquo;Ettelbr\u00fcck<\/strong> au Luxembourg o\u00f9 le stand du lyc\u00e9e agricole nous a gentiment h\u00e9berg\u00e9s. L&rsquo;occasion pour moi de renouer le contact avec les coll\u00e8gues Luxembourgeois, de mettre en place quelques projets communs pour la rentr\u00e9e et de rencontrer de futurs ma\u00eetres de stages.<\/p>\n<p style=\"text-align: justify\">Fin juillet, c&rsquo;est le stand de la Grande r\u00e9gion qui nous a accueillis \u00e0 la <strong>foire agricole de <a href=\"http:\/\/wp.pixerecourt.fr\/granderegion\/wp-content\/uploads\/sites\/31\/2017\/09\/P1080628.jpg\"><img loading=\"lazy\" decoding=\"async\" class=\"alignright wp-image-1190 size-medium\" src=\"http:\/\/wp.pixerecourt.fr\/granderegion\/wp-content\/uploads\/sites\/31\/2017\/09\/P1080628-300x169.jpg\" height=\"169\" width=\"300\" srcset=\"https:\/\/wp.pixerecourt.fr\/granderegion\/wp-content\/uploads\/sites\/31\/2017\/09\/P1080628-300x169.jpg 300w, https:\/\/wp.pixerecourt.fr\/granderegion\/wp-content\/uploads\/sites\/31\/2017\/09\/P1080628-768x432.jpg 768w, https:\/\/wp.pixerecourt.fr\/granderegion\/wp-content\/uploads\/sites\/31\/2017\/09\/P1080628-1024x576.jpg 1024w\" sizes=\"auto, (max-width: 300px) 100vw, 300px\" \/><\/a>Libramont<\/strong> en Belgique o\u00f9 j&rsquo;ai pu \u00e9changer quelques mots avec le Ministre de l&rsquo;Agriculture de Wallonie (eh oui :o) et discuter avec les coll\u00e8gues des lyc\u00e9es agricoles belges ; l\u00e0 aussi une future collaboration va se mettre en place.<\/p>\n<p style=\"text-align: justify\">Ce mouton, qui intrigue toujours autant le public, m&rsquo;a \u00e9galement permis de promouvoir les lyc\u00e9es et exploitations Lorrains, de parler du projet <strong>DEFI-laine<\/strong> et du <strong>r\u00e9seau BNEDD<\/strong>.<\/p>\n","protected":false},"excerpt":{"rendered":"<p>\u00ab\u00a0Le mouton en carton\u00a0\u00bb du projet tiers-temps a voyag\u00e9 un peu en ce mois de juillet. En effet, il \u00e9tait pr\u00e9sent \u00e0 la foire agricole d&rsquo;Ettelbr\u00fcck au Luxembourg o\u00f9 le stand du lyc\u00e9e agricole nous a gentiment h\u00e9berg\u00e9s. L&rsquo;occasion pour moi de renouer le contact avec les coll\u00e8gues Luxembourgeois, de mettre en place quelques projets &hellip; <a href=\"https:\/\/wp.pixerecourt.fr\/granderegion\/2017\/07\/le-mouton-en-carton-o\/\" class=\"more-link\">Continuer la lecture de <span class=\"screen-reader-text\">Le mouton en carton :o)<\/span>  <span class=\"meta-nav\">&rarr;<\/span><\/a><\/p>\n","protected":false},"author":94,"featured_media":0,"comment_status":"closed","ping_status":"open","sticky":false,"template":"","format":"standard","meta":{"ngg_post_thumbnail":0,"footnotes":""},"categories":[11,13,7,4],"tags":[],"class_list":["post-1167","post","type-post","status-publish","format-standard","hentry","category-autres-projets-grande-region","category-defi-laine","category-mobilite-des-personnels","category-reseau-edd"],"_links":{"self":[{"href":"https:\/\/wp.pixerecourt.fr\/granderegion\/wp-json\/wp\/v2\/posts\/1167","targetHints":{"allow":["GET"]}}],"collection":[{"href":"https:\/\/wp.pixerecourt.fr\/granderegion\/wp-json\/wp\/v2\/posts"}],"about":[{"href":"https:\/\/wp.pixerecourt.fr\/granderegion\/wp-json\/wp\/v2\/types\/post"}],"author":[{"embeddable":true,"href":"https:\/\/wp.pixerecourt.fr\/granderegion\/wp-json\/wp\/v2\/users\/94"}],"replies":[{"embeddable":true,"href":"https:\/\/wp.pixerecourt.fr\/granderegion\/wp-json\/wp\/v2\/comments?post=1167"}],"version-history":[{"count":0,"href":"https:\/\/wp.pixerecourt.fr\/granderegion\/wp-json\/wp\/v2\/posts\/1167\/revisions"}],"wp:attachment":[{"href":"https:\/\/wp.pixerecourt.fr\/granderegion\/wp-json\/wp\/v2\/media?parent=1167"}],"wp:term":[{"taxonomy":"category","embeddable":true,"href":"https:\/\/wp.pixerecourt.fr\/granderegion\/wp-json\/wp\/v2\/categories?post=1167"},{"taxonomy":"post_tag","embeddable":true,"href":"https:\/\/wp.pixerecourt.fr\/granderegion\/wp-json\/wp\/v2\/tags?post=1167"}],"curies":[{"name":"wp","href":"https:\/\/api.w.org\/{rel}","templated":true}]}}