{"id":1158,"date":"2017-06-27T17:34:31","date_gmt":"2017-06-27T17:34:31","guid":{"rendered":"http:\/\/wp.pixerecourt.fr\/granderegion\/?p=1158"},"modified":"2017-09-28T08:09:22","modified_gmt":"2017-09-28T08:09:22","slug":"reunion-de-concertation-a-pix","status":"publish","type":"post","link":"https:\/\/wp.pixerecourt.fr\/granderegion\/2017\/06\/reunion-de-concertation-a-pix\/","title":{"rendered":"COPIL \u00e0 Pix"},"content":{"rendered":"<p style=\"text-align: justify\">Apr\u00e8s le lan\u00e7ement du projet \u00ab\u00a0D\u00e9fi-Laine\u00a0\u00bb sur le plateau de Malz\u00e9ville en avril dernier, nous voici en pleine pr\u00e9paration des actions qui auront lieu courant 2017\/2018.<\/p>\n<p style=\"text-align: justify\"><strong>Yannick Mousseron<\/strong>, formateur au CFPPA, sera le chef de projet et s&rsquo;occupera surtout de la partie financi\u00e8re et technique, et moi de l&rsquo;organisation d&rsquo;une rencontre transfrontali\u00e8re.<\/p>\n<p style=\"text-align: justify\">Au programme :<\/p>\n<ul>\n<li>formation transfrontali\u00e8re sur la valorisation de la laine le 22, 23 et 24 novembre 2017 \u00e0 Pixer\u00e9court ;<\/li>\n<li>stage tonte \u00e0 Mirecourt ;<\/li>\n<li>acquisition d&rsquo;une unit\u00e9 de tonte mobile ;<\/li>\n<li>voyage professionnel \u00e0 <a href=\"http:\/\/www.ardelaine.fr\" target=\"_blank\">Ardelaine<\/a>.<\/li>\n<\/ul>\n<p>La journaliste locale est venue nous voir pour en savoir davantage sur ce projet Interreg, voici son article : <a href=\"http:\/\/wp.pixerecourt.fr\/granderegion\/wp-content\/uploads\/sites\/31\/2017\/09\/Est-Re\u0301publicain-1.pdf\" target=\"_blank\">article de L&rsquo;Est Republicain<\/a>.<\/p>\n<p>&nbsp;<\/p>\n<p>&nbsp;<\/p>\n","protected":false},"excerpt":{"rendered":"<p>Apr\u00e8s le lan\u00e7ement du projet \u00ab\u00a0D\u00e9fi-Laine\u00a0\u00bb sur le plateau de Malz\u00e9ville en avril dernier, nous voici en pleine pr\u00e9paration des actions qui auront lieu courant 2017\/2018. Yannick Mousseron, formateur au CFPPA, sera le chef de projet et s&rsquo;occupera surtout de la partie financi\u00e8re et technique, et moi de l&rsquo;organisation d&rsquo;une rencontre transfrontali\u00e8re. Au programme : &hellip; <a href=\"https:\/\/wp.pixerecourt.fr\/granderegion\/2017\/06\/reunion-de-concertation-a-pix\/\" class=\"more-link\">Continuer la lecture de <span class=\"screen-reader-text\">COPIL \u00e0 Pix<\/span>  <span class=\"meta-nav\">&rarr;<\/span><\/a><\/p>\n","protected":false},"author":94,"featured_media":0,"comment_status":"closed","ping_status":"open","sticky":false,"template":"","format":"standard","meta":{"ngg_post_thumbnail":0,"footnotes":""},"categories":[13],"tags":[],"class_list":["post-1158","post","type-post","status-publish","format-standard","hentry","category-defi-laine"],"_links":{"self":[{"href":"https:\/\/wp.pixerecourt.fr\/granderegion\/wp-json\/wp\/v2\/posts\/1158","targetHints":{"allow":["GET"]}}],"collection":[{"href":"https:\/\/wp.pixerecourt.fr\/granderegion\/wp-json\/wp\/v2\/posts"}],"about":[{"href":"https:\/\/wp.pixerecourt.fr\/granderegion\/wp-json\/wp\/v2\/types\/post"}],"author":[{"embeddable":true,"href":"https:\/\/wp.pixerecourt.fr\/granderegion\/wp-json\/wp\/v2\/users\/94"}],"replies":[{"embeddable":true,"href":"https:\/\/wp.pixerecourt.fr\/granderegion\/wp-json\/wp\/v2\/comments?post=1158"}],"version-history":[{"count":0,"href":"https:\/\/wp.pixerecourt.fr\/granderegion\/wp-json\/wp\/v2\/posts\/1158\/revisions"}],"wp:attachment":[{"href":"https:\/\/wp.pixerecourt.fr\/granderegion\/wp-json\/wp\/v2\/media?parent=1158"}],"wp:term":[{"taxonomy":"category","embeddable":true,"href":"https:\/\/wp.pixerecourt.fr\/granderegion\/wp-json\/wp\/v2\/categories?post=1158"},{"taxonomy":"post_tag","embeddable":true,"href":"https:\/\/wp.pixerecourt.fr\/granderegion\/wp-json\/wp\/v2\/tags?post=1158"}],"curies":[{"name":"wp","href":"https:\/\/api.w.org\/{rel}","templated":true}]}}