{"id":1013,"date":"2017-06-12T07:02:01","date_gmt":"2017-06-12T07:02:01","guid":{"rendered":"http:\/\/wp.pixerecourt.fr\/granderegion\/?p=1013"},"modified":"2017-06-13T18:21:58","modified_gmt":"2017-06-13T18:21:58","slug":"1013","status":"publish","type":"post","link":"https:\/\/wp.pixerecourt.fr\/granderegion\/2017\/06\/1013\/","title":{"rendered":"El\u00e8ves et enseignants luxembourgeois \u00e0 l&rsquo;Agro-\u00e9cologie Tour 2017"},"content":{"rendered":"<p style=\"text-align: justify\"><img loading=\"lazy\" decoding=\"async\" class=\"alignleft size-medium wp-image-1026\" src=\"http:\/\/wp.pixerecourt.fr\/granderegion\/wp-content\/uploads\/sites\/31\/2017\/06\/Affiche_Agroecologie_tour2017-199x300.jpeg\" alt=\"Affiche_Agroecologie_tour2017\" height=\"300\" width=\"199\" srcset=\"https:\/\/wp.pixerecourt.fr\/granderegion\/wp-content\/uploads\/sites\/31\/2017\/06\/Affiche_Agroecologie_tour2017-199x300.jpeg 199w, https:\/\/wp.pixerecourt.fr\/granderegion\/wp-content\/uploads\/sites\/31\/2017\/06\/Affiche_Agroecologie_tour2017.jpeg 627w\" sizes=\"auto, (max-width: 199px) 100vw, 199px\" \/>Cette ann\u00e9e, le 2e Salon Grand Est des Exploitations d&rsquo;Enseignement Agricole, l&rsquo;Agro-Ecologie Tour, s&rsquo;est associ\u00e9 au Salon de l&rsquo;herbe et des fourrages organis\u00e9 \u00e0 Poussay (88).<\/p>\n<p style=\"text-align: justify\">Une vingtaine d&rsquo;\u00e9tablissements et leurs exploitations se sont mobilis\u00e9es pour pr\u00e9senter leurs syst\u00e8mes de production ainsi que des pratiques li\u00e9es \u00e0 la gestion de l&rsquo;utilisation de l&rsquo;herbe et des fourrages. Directeurs d&rsquo;exploitations, \u00e9quipes p\u00e9dagogiques, apprenants et partenaires ont t\u00e9moign\u00e9.<\/p>\n<p style=\"text-align: justify\">1 500 \u00e9l\u00e8ves des \u00e9tablissements d&rsquo;enseignement agricole <strong>de la R\u00e9gion Grand Est et du Luxembourg<\/strong> ont fait le d\u00e9placement pour participer ou animer le grand jeu-concours organis\u00e9 \u00e0 cette occasion ou tout simplement visiter le salon.<\/p>\n<p style=\"text-align: justify\">Des d\u00e9monstrations \u00ab\u00a0grandeur nature\u00a0\u00bb ont \u00e9t\u00e9 organis\u00e9es : p\u00e2turage, m\u00e9teils, bovins, ovins, fosse p\u00e9dologique ainsi que des conf\u00e9rences sur le th\u00e8me suivant : \u00ab\u00a0Le p\u00e2turage, une n\u00e9cessit\u00e9 \u00e9conomique\u00a0\u00bb anim\u00e9es par Bertand Cailly (Lyc\u00e9e agricole de Pix\u00e9r\u00e9court), Franck Sangouard (Lyc\u00e9e agricole de Mirecourt) et Didier Deleau (Arvalis).<\/p>\n<p style=\"text-align: justify\">Voici un petit film concernant la participation de nos h\u00f4tes luxembourgeois qui ont pass\u00e9 deux&nbsp; jours sur le salon et ont visit\u00e9 la ferme de Pix\u00e9r\u00e9court sur le chemin du retour :<\/p>\n<p><iframe loading=\"lazy\" title=\"Le LTA du Luxembourg \u00e0 l&#039;Agro-Ecologie Tour 2017\" width=\"474\" height=\"267\" src=\"https:\/\/www.youtube.com\/embed\/FeZu2cacctI?feature=oembed\" frameborder=\"0\" allow=\"accelerometer; autoplay; clipboard-write; encrypted-media; gyroscope; picture-in-picture; web-share\" referrerpolicy=\"strict-origin-when-cross-origin\" allowfullscreen><\/iframe><\/p>\n","protected":false},"excerpt":{"rendered":"<p>Cette ann\u00e9e, le 2e Salon Grand Est des Exploitations d&rsquo;Enseignement Agricole, l&rsquo;Agro-Ecologie Tour, s&rsquo;est associ\u00e9 au Salon de l&rsquo;herbe et des fourrages organis\u00e9 \u00e0 Poussay (88). Une vingtaine d&rsquo;\u00e9tablissements et leurs exploitations se sont mobilis\u00e9es pour pr\u00e9senter leurs syst\u00e8mes de production ainsi que des pratiques li\u00e9es \u00e0 la gestion de l&rsquo;utilisation de l&rsquo;herbe et des &hellip; <a href=\"https:\/\/wp.pixerecourt.fr\/granderegion\/2017\/06\/1013\/\" class=\"more-link\">Continuer la lecture de <span class=\"screen-reader-text\">El\u00e8ves et enseignants luxembourgeois \u00e0 l&rsquo;Agro-\u00e9cologie Tour 2017<\/span>  <span class=\"meta-nav\">&rarr;<\/span><\/a><\/p>\n","protected":false},"author":94,"featured_media":0,"comment_status":"closed","ping_status":"open","sticky":false,"template":"","format":"standard","meta":{"ngg_post_thumbnail":0,"footnotes":""},"categories":[12,6,7],"tags":[],"class_list":["post-1013","post","type-post","status-publish","format-standard","hentry","category-agriculture","category-mobilite-des-apprenants","category-mobilite-des-personnels"],"_links":{"self":[{"href":"https:\/\/wp.pixerecourt.fr\/granderegion\/wp-json\/wp\/v2\/posts\/1013","targetHints":{"allow":["GET"]}}],"collection":[{"href":"https:\/\/wp.pixerecourt.fr\/granderegion\/wp-json\/wp\/v2\/posts"}],"about":[{"href":"https:\/\/wp.pixerecourt.fr\/granderegion\/wp-json\/wp\/v2\/types\/post"}],"author":[{"embeddable":true,"href":"https:\/\/wp.pixerecourt.fr\/granderegion\/wp-json\/wp\/v2\/users\/94"}],"replies":[{"embeddable":true,"href":"https:\/\/wp.pixerecourt.fr\/granderegion\/wp-json\/wp\/v2\/comments?post=1013"}],"version-history":[{"count":0,"href":"https:\/\/wp.pixerecourt.fr\/granderegion\/wp-json\/wp\/v2\/posts\/1013\/revisions"}],"wp:attachment":[{"href":"https:\/\/wp.pixerecourt.fr\/granderegion\/wp-json\/wp\/v2\/media?parent=1013"}],"wp:term":[{"taxonomy":"category","embeddable":true,"href":"https:\/\/wp.pixerecourt.fr\/granderegion\/wp-json\/wp\/v2\/categories?post=1013"},{"taxonomy":"post_tag","embeddable":true,"href":"https:\/\/wp.pixerecourt.fr\/granderegion\/wp-json\/wp\/v2\/tags?post=1013"}],"curies":[{"name":"wp","href":"https:\/\/api.w.org\/{rel}","templated":true}]}}